{"id":1327,"date":"2026-02-16T12:45:02","date_gmt":"2026-02-16T11:45:02","guid":{"rendered":"https:\/\/www.jozanesz.hu\/?p=1327"},"modified":"2026-02-16T12:53:11","modified_gmt":"2026-02-16T11:53:11","slug":"juhasz-laszlo-valasztas-ele","status":"publish","type":"post","link":"http:\/\/www.jozanesz.hu\/?p=1327","title":{"rendered":"Juh\u00e1sz L\u00e1szl\u00f3: V\u00e1laszt\u00e1s el\u00e9"},"content":{"rendered":"\n<p>Ha az id\u0151d kev\u00e9s, a bet\u0171 sok, (ez bizony 2318 sz\u00f3) akkor \u00f6sszefoglalom: ami ma t\u00f6rt\u00e9nik, nem egyik napr\u00f3l a m\u00e1sikra lett ilyen. Ez nem hirtelen roml\u00e1s, hanem hossz\u00fa \u00e9vek k\u00f6vetkezm\u00e9nye. A d\u00f6nt\u00e9sed nem null\u00e1r\u00f3l indul. Olvasd v\u00e9gig.<br>Ezt a sok gondolatot az\u00e9rt raktam \u00f6ssze napokat ford\u00edtva r\u00e1, csiszolgatva, pontos\u00edtva, t\u00e9nyekre r\u00e1keresve, mert felbaszta az agyamat a k\u00e9rd\u00e9s:<br>\u201eH\u00e1t kire szavazzak? Arra a nyikhajra?\u201d Ezt m\u00e1r nem lehet lenyelni, visszanyelni mint egy refluxos savany\u00fat.<br>\u201eH\u00e1t kire szavazzak?\u201d k\u00e9rd\u00e9s egy hazugs\u00e1g, k\u00e9nyelmes \u00e9s puszt\u00edt\u00f3. A \u201eH\u00e1t kire szavazzak?\u201d k\u00e9rd\u00e9s val\u00f3j\u00e1ban nem k\u00e9rd\u00e9s, hanem \u00f6nfelment\u00e9s. Megalkuv\u00f3 mondat, amely elfedi a l\u00e9nyeget: azt, hogy a hallgat\u00e1s is d\u00f6nt\u00e9s. \u00c9s a legvesz\u00e9lyesebb. A j\u00f6v\u0151 nem biztos. De l\u00e1that\u00f3. K\u00e9t k\u00e9pe van.<br>Az egyikben a gyerekeink kor\u00e1n megtanulj\u00e1k, hogy ne k\u00e9rdezzenek, csak alkalmazkodjanak \u00e9s funkcion\u00e1lis analfab\u00e9t\u00e1k maradnak, bifl\u00e1zzanak az internetr\u0151l m\u00e1sodpercek alatt megszerezhet\u0151 tud\u00e1st az \u00e9rtelmes kreat\u00edv k\u00e9pess\u00e9g helyett. Megtanulj\u00e1k, hogy a tehets\u00e9g kiv\u00e1ndorol, a marad\u00e1s magyar\u00e1zkod\u00e1s, a k\u00e9rd\u00e9s vesz\u00e9lyes, az orsz\u00e1g pedig egyre sz\u0171k\u00fcl\u0151 t\u00e9r, ahol mindig valaki m\u00e1s d\u00f6nt helyett\u00fcnk.<br>A m\u00e1sikban nincs csoda. Csak lass\u00fa, vit\u00e1kkal teli, k\u00ednos munka. Int\u00e9zm\u00e9nyek, nem emberek. Szab\u00e1lyok, nem kegyek. Eur\u00f3pa nem jelsz\u00f3k\u00e9nt, hanem h\u00e9tk\u00f6znapk\u00e9nt. Nem h\u0151s\u00f6k, hanem polg\u00e1rok. \u00c9s tiszta leveg\u0151 \u00e9s naps\u00fct\u00e9s.<br>Ez a v\u00e1laszt\u00e1s nem k\u00e9nyelmes. De a gyerekeink soha nem a k\u00e9nyelm\u00fcnket k\u00e9rik majd sz\u00e1mon rajtunk. Hanem azt, hogy megpr\u00f3b\u00e1ltuk-e?<br>Amikor 2022 tavasz\u00e1n a Fidesz els\u00f6pr\u0151 t\u00f6bbs\u00e9ggel megnyerte a v\u00e1laszt\u00e1sokat, akkor is s\u00fct\u00f6tt a nap, azt gondoltam lesz v\u00e1ltoz\u00e1s. Nem lett. S\u0151t lett.<br>\u201eJ\u00f3, h\u00e1t akkor itt fogunk \u00e9lni.\u201d Csorgott le a keser\u0171s\u00e9g lelkekbe; beleszarok az eg\u00e9szbe, de \u00e9lni kell. \u00c9s csak lassan eszm\u00e9lt az ember, tapintotta azt a m\u00e9rhetetlen sz\u00f6rny\u0171s\u00e9get hogy balt\u00e1zt\u00e1k el magukat ellenz\u00e9kinek maszk\u00edroz\u00f3 meg\u00e9lhet\u00e9si rabl\u00f3k a bimb\u00f3z\u00f3 akaratot. Hogyan hagyta mag\u00e1ra az eg\u00e9sz n\u00e9pet a mag\u00e1t ellenz\u00e9kinek \u00e1lc\u00e1z\u00f3 meg\u00e9lhet\u00e9si elit. Hogyan adt\u00e1k el az eg\u00e9szet a Fidesz nem t\u00f6bbs\u00e9g\u00e9nek. \u00c9s most \u00fajra a tov\u00e1bb \u00e9l\u00e9s\u00fck\u00f6n akarj\u00e1k elhamvasztani milli\u00f3k akarat\u00e1t. Nem, Ne tov\u00e1bb.<br>\u201eOrb\u00e1n Viktor: Nehogy azt higgy\u00e9k, hogy a megel\u0151z\u0151 v\u00e1laszt\u00e1sokon mi olyan ar\u00e1nyban nyert\u00fcnk, mint amit a mand\u00e1tumsz\u00e1m mutat a parlamentben.\u201d<br>\u00c9s ha most megpr\u00f3b\u00e1lok visszan\u00e9zni, lebegni a visszafojtott keser\u0171 \u00fcv\u00f6lt\u00e9s mocskos habjain, h\u00e1t nagyon, de nagyon sajn\u00e1lom az ellopott \u00e9veket, a kreat\u00edv \u00e9s akt\u00edv orsz\u00e1g korai demenci\u00e1ba hull\u00e1s\u00e1t, nem, nem sorolom tov\u00e1bb mert pap\u00edr el nem b\u00edrn\u00e1 ami idej\u00f6nne, bevezet\u00e9s\u00fcl, ink\u00e1bb n\u00e9zz\u00fck, hogyan jutottunk ide:<br>Volt annak valami avas buk\u00e9ja, hogy 1989 okt\u00f3ber 23.-\u00e1n Sz\u0171r\u00f6s M\u00e1ty\u00e1s ki\u00e1ltotta ki a Magyar K\u00f6zt\u00e1rsas\u00e1got. Nem d\u0151lt le a r\u00e9gi vil\u00e1g, csak levett\u00e9k r\u00f3la a t\u00e1bl\u00e1t. Sz\u0171r\u00f6s szem\u00e9lye szimboliz\u00e1lja a magyar rendszerv\u00e1lt\u00e1s alapprobl\u00e9m\u00e1j\u00e1t. Nem lett igazs\u00e1gt\u00e9tel, nem lett elsz\u00e1moltat\u00e1s \u00e9s k\u00fcl\u00f6n\u00f6sen nem lett mor\u00e1lis \u00fajrakezd\u00e9s. Lett \u00faj n\u00e9v, \u00faj z\u00e1szl\u00f3 r\u00e9gi reflexek. Sz\u0171r\u00f6s M\u00e1ty\u00e1s nem a szabads\u00e1g h\u0151se volt, hanem a r\u00e9gi rendszer utols\u00f3, intelligens gondnoka.<br>A rendszerv\u00e1lt\u00e1s idej\u00e9n az els\u0151 parlament a Kossuth c\u00edmer helyett m\u00e1sodszori nekifut\u00e1ssal az akkori korm\u00e1ny el\u0151terjeszt\u00e9s\u00e9nek megfelel\u0151en a koron\u00e1s c\u00edmert nyilv\u00e1n\u00edtotta Magyarorsz\u00e1g \u00e1llami c\u00edmer\u00e9v\u00e9. A forradalmas Kossuth c\u00edmer helyett maradtunk az ezer\u00e9ves \u00e1llamis\u00e1got jelz\u0151 koron\u00e1s c\u00edmern\u00e9l, jobb\u00e1gy mentalit\u00e1ssal, megalkuv\u00e1ssal egy\u00fctt. A forradalom mentes forradalom \u00e9rintetlen\u00fcl hagyta a lelkekben a k\u00e1d\u00e1ri kor befogom a pof\u00e1m, \u00fagy lesz j\u00f3 nekem mentalit\u00e1s\u00e1t \u00e9s csak lest\u00fck kolb\u00e1szosodik-e m\u00e1r a ker\u00edt\u00e9s?<br>\u00c9s azt\u00e1n j\u00f6tt a Gorenje korszak. Minden nagyon fontos \u00e9s n\u00e9lk\u00fcl\u00f6zhetetlen h\u0171t\u0151m\u00e1gnest megvehett\u00fcnk szabadon osztr\u00e1k boltokban. \u201eMagyar Ne Lopj\u201d t\u00e1bl\u00e1k az utak mellett sebt\u00e9ben fel\u00e1ll\u00edtott kont\u00e9ner \u00fczletekben. A szabads\u00e1g t\u00e1rgyiasult m\u00e1mora lebegett a Wartburg tetej\u00e9n utaz\u00f3 h\u0171t\u0151l\u00e1d\u00e1k k\u00f6r\u00fcl.<br>A rendszerv\u00e1lt\u00e1s ut\u00e1ni els\u0151 korm\u00e1ny (MDF Antall J\u00f3zsef, hal\u00e1la ut\u00e1n Boross P\u00e9ter) buk\u00e1sa nem egy p\u00e1rt buk\u00e1sa volt, hanem egy ill\u00fazi\u00f3\u00e9. Annak az ill\u00fazi\u00f3nak a buk\u00e1sa, hogy el\u00e9g lev\u00e1ltani a rendszert, \u00e9s majd minden m\u00e1s mag\u00e1t\u00f3l rendbe j\u00f6n. A ki\u00e1br\u00e1ndults\u00e1g, sz\u00e1zezrek munkan\u00e9lk\u00fclis\u00e9ge, a nem \u00edgy gondoltuk \u00e9s m\u00e9g mindig nem \u00e9rt\u00fck utol Ausztri\u00e1t, akik tegnap el\u0151nyben voltak ma m\u00e1r m\u00e9g ink\u00e1bb. Az ipar le\u00e9p\u00edt\u00e9se, az orsz\u00e1g kisz\u0151k\u00edt\u00e9se. Ha a kuty\u00e1m elindult volna sz\u00e1j\u00e1ban egy sz\u00e1l v\u00f6r\u00f6s szegf\u0171vel \u0151 is v\u00e1laszt\u00e1st nyer 1994-ben. Szavaztunk egy mag\u00e1t az \u00f6nmegtart\u00f3ztat\u00e1s b\u00e9kly\u00f3j\u00e1ba gubancol\u00f3 MSZP-SZDSZ k\u00e9tharmadra.<br>Az MSZP\u2013SZDSZ k\u00e9tharmados t\u00f6bbs\u00e9ggel rendelkezett, m\u00e9gsem \u00e9lt vele korl\u00e1tlanul. Bevezett\u00e9k a 4\/5-\u00f6s t\u00f6rv\u00e9nyek int\u00e9zm\u00e9ny\u00e9t, \u00f6nk\u00e9nt korl\u00e1tozva saj\u00e1t alkotm\u00e1nyoz\u00f3 erej\u00fcket. Amit azut\u00e1n le is h\u00fcly\u00e9zett a Fidesz hatalom r\u00f6gt\u00f6n, \u00e9s amint tehette, elt\u00f6r\u00f6lte.<br>A Bokros csomag f\u00e1jt, megszor\u00edtott, \u00e1m az \u00e1llam m\u0171k\u00f6d\u00f6tt, de f\u00e1jt. Az MSZP-SZDSZ korm\u00e1nyzott, de nem lelkes\u00edtett. A FIDESZ ezt felismerve \u00faj t\u00f6rt\u00e9nettel, \u00faj arccal (van nekik sok a sifon\u00e9rban) \u00e1llt el\u0151, ir\u00e1nyt v\u00e1ltott, liber\u00e1lisb\u00f3l nemzeti konzervat\u00edv, v\u00e1rosi \u00e9rtelmis\u00e9gb\u0151l vid\u00e9ki, \u00e9rzelmi politiz\u00e1l\u00e1s lett. J\u00f6tt a kock\u00e1s ing, gumicsizm\u00e1s d\u00edszlet. <br>\u00c9s az orsz\u00e1g sz\u00e9p csendesen elfordult az \u00e9rzelmi renddel cs\u00e1b\u00edt\u00f3 FIDESZ fel\u00e9. Orb\u00e1n Viktor ekkor \u00e9rthette meg, nem programmal kell nyerni hanem t\u00f6rt\u00e9nettel. Mi vagyunk a nemzet, \u0151k a m\u00falt. \u00c9s lett egy, m\u00e9g eur\u00f3pai, FIDESZ-MDF-Kisgazdap\u00e1rt koal\u00edci\u00f3s korm\u00e1ny 1998-ban. A Polg\u00e1r mint politikai term\u00e9k, nem lett mindenki\u00e9, n\u0151tt a t\u00e1rsadalmi fesz\u00fclts\u00e9g \u00e9s m\u00e1r ekkor megmutatkozott az orb\u00e1ni mi \u00e9s az \u0151k. J\u00f6tt Medgyessy \u00e9s a j\u00f3l\u00e9ti fordulat \u00edg\u00e9rete.<br>A veres\u00e9get Orb\u00e1n nem tudta feldolgozni, 1998-ban m\u00e9g korm\u00e1nyozni akart, 2002 ut\u00e1n m\u00e1r uralkodni. 2002 nem egyszer\u0171 korm\u00e1nyv\u00e1lt\u00e1s volt, hanem t\u00f6r\u00e9spont. Nem az\u00e9rt, mert a Fidesz vesztett, hanem mert a veres\u00e9g \u00e9rtelmez\u00e9se megv\u00e1ltozott. Orb\u00e1n Viktor nem demokratikus v\u00e1lt\u00e1sk\u00e9nt \u00e9lte meg, hanem igazs\u00e1gtalans\u00e1gk\u00e9nt. Nem azt k\u00e9rdezte, mit rontottunk el, hanem azt, hogyan lehet ezt m\u00e9g egyszer nem elvesz\u00edteni. A 2002-es veres\u00e9g nyom\u00e1n, annak hat\u00e1s\u00e1ra sz\u00fclethetett meg az a felismer\u00e9s, amely k\u00e9s\u0151bb rendszerr\u00e9 v\u00e1lt: nem el\u00e9g nyerni, \u00fagy kell berendezni az orsz\u00e1got, hogy legk\u00f6zelebb m\u00e1r ne lehessen vesz\u00edteni.<br>2002 ut\u00e1n a Fidesz m\u00e1r nem p\u00e1rt volt, hanem v\u00e1rakoz\u00e1sban l\u00e9v\u0151 hatalom. Ez volt az a pillanat, amikor a Fidesz v\u00e9gleg elengedte azt a gondolatot, hogy v\u00e1lt\u00f3gazdas\u00e1gban politiz\u00e1ljon. A \u201ehaza nem lehet ellenz\u00e9kben\u201d mondat nem retorikai t\u00falz\u00e1s volt, hanem program. Azt \u00fczente: aki nyert, az csak \u201ebirtokolja\u201d a hatalmat, de nem jogosult r\u00e1.<br>A t\u00e1rsadalom pedig, amely addig mindig m\u00e1sokt\u00f3l v\u00e1rta a rendet, lassan hozz\u00e1szokott ahhoz a gondolathoz, hogy a rend \u00e1ra a szabads\u00e1g. \u00c9s 2010-ben \u00fajra elj\u00f6tt a pillanat, \u201eCsak egyszer kell nyerni, de akkor nagyon\u201d \u00e9s ki tudta akkor hogy ez azt jelenti, hogy leuraljuk \u00e9s hazavissz\u00fck az orsz\u00e1got?<br>De addig is, 2002-ben a Medgyessy korm\u00e1ny a j\u00f3l\u00e9ti \u00edg\u00e9retek nyomaszt\u00f3 s\u00falya alatt kezdett m\u0171k\u00f6dni. B\u00e9remel\u00e9sek, 13. havi nyugd\u00edj. Hamis egyens\u00falyban, n\u00e9pszer\u0171, de fenntarthatatlan m\u00f3don. Halogat\u00e1s, majd k\u00e9s\u0151bb megoldjuk. 2004-re az SZDSZ egyre ny\u00edltabban b\u00edr\u00e1lta koal\u00edci\u00f3s partner\u00e9t \u00e9s Medgyessyt. (\u00c9s felbukkant a D209 sz\u00e1m\u00fa \u00fcgyn\u00f6k, er\u0151s \u00e9s konkr\u00e9t utal\u00e1ssal Medgyessy \u00e1llamp\u00e1rti m\u00faltj\u00e1ra. Itt ebben a hossz\u00fa \u00edr\u00e1sban az \u00fcgyn\u00f6k v\u00e1dakr\u00f3l nem ejt\u00fcnk sz\u00f3t, mert soha nem \u00e9rn\u00e9nk a v\u00e9g\u00e9re) A SZDSZ deleg\u00e1lta p\u00e9nz\u00fcgyminiszter Draskovics Tibor l\u00e1tta a veszett szalad\u00e1st a j\u00f3l\u00e9ti semmibe, a p\u00e9nztelen \u00edg\u00e9retek halmaz\u00e1t, v\u00e1ltoztatni akart \u00e9s \u00edgy politikai kock\u00e1zatt\u00e1 v\u00e1lt Medgyessy \u00e9s az MSZP sz\u00e1m\u00e1ra. Draskovics \u00f6n\u00e1ll\u00f3 entit\u00e1ss\u00e1 v\u00e1lt, \u00f6n\u00e1ll\u00f3an kommunik\u00e1lt, reformer volt, hiteles p\u00e9nz\u00fcgyes, \u201ebiztos\u00edt\u00e9k\u201d az EU \u00e9s a \u201epiacok\u201d fel\u00e9. Az SZDSZ egy\u00e9rtelm\u0171 nemet mondott meneszt\u00e9s\u00e9re. Medgyessy megbukott, annak ellen\u00e9re, hogy 2004. m\u00e1jus elsej\u00e9n \u2013 a csatlakoz\u00e1sr\u00f3l sz\u00f3l\u00f3 n\u00e9pszavaz\u00e1s ut\u00e1n &#8211; bel\u00e9pt\u00fcnk az EU-ba. A bel\u00e9p\u00e9si szerz\u0151d\u00e9st Medgyessy \u00edrta al\u00e1, az \u00edg\u00e9ret teljes\u00fclt, de ez akkor m\u00e1r kev\u00e9s volt.<br>\u00c9s l\u00e1sd, itt m\u00e9g eur\u00f3pai korm\u00e1nyz\u00e1s volt, minisztereln\u00f6k megbukhatott, a parlament v\u00e1laszthatott \u00faj minisztereln\u00f6k\u00f6t Medgyessy sportminisztere szem\u00e9ly\u00e9ben \u00e9s j\u00f6tt a Gyurcs\u00e1ny korszak. A fiatal, energikus politikus az MSZP politikusa reformretorik\u00e1t haszn\u00e1lt \u00e9s a modern baloldal \u00edg\u00e9ret\u00e9vel \u00e9rkezett. Alapvet\u0151en reformkorm\u00e1nyt akart, mindent akart. \u00c1llamh\u00e1ztart\u00e1si rendbet\u00e9telt, oktat\u00e1si, eg\u00e9szs\u00e9g\u00fcgyi reformokat, eur\u00f3t. <br>Ez remek gondolat volt. De az \u0151szinte besz\u00e9d a gazdas\u00e1gr\u00f3l elmaradt. A k\u00f6lts\u00e9gvet\u00e9s romokban a 2006-os v\u00e1laszt\u00e1st m\u00e9gis megnyerte az MSZP-SZDSZ koal\u00edci\u00f3.<br>2006 m\u00e1jus\u00e1ban z\u00e1rtk\u00f6r\u0171 megbesz\u00e9l\u00e9sen, szocialista frakci\u00f3 \u00fcl\u00e9sen Gyurcs\u00e1ny elmondta h\u00edrhedt besz\u00e9d\u00e9t aminek egy mondat\u00e1ra a FIDESZ r\u00e1\u00e9p\u00edtette a tov\u00e1bbiakban folytatott indulati utcai politiz\u00e1l\u00e1s\u00e1t. \u201eHazudtunk \u00e9jjel, nappal, hazudtunk minden hull\u00e1mhosszon\u201d \u00c1m a m\u00e1sf\u00e9l \u00f3r\u00e1s besz\u00e9d t\u00f6bbi r\u00e9sze a kisziv\u00e1rogtat\u00e1s felhaszn\u00e1l\u00f3j\u00e1nak, a Fidesznek nem volt \u00e9rdeke nagydobra verni, hiszen annak l\u00e9nyege az volt, Elvtik\u00e9im, itt a hazugs\u00e1g, a lop\u00e1s v\u00e9ge. Korm\u00e1nyozni kell. A csapb\u00f3l is a \u201ehazudtunk \u00e9jjel, nappal\u201d \u00f6ml\u00f6tt. J\u00f3l szervezett, \u201espont\u00e1n\u201d utcai zavarg\u00e1sok, TV-sz\u00e9kh\u00e1z felgy\u00fajt\u00e1sa, rend\u0151ri t\u00falkap\u00e1sok. K\u00c1OSZ. N\u00e9pszavaz\u00e1s vizitd\u00edjr\u00f3l, politikai fordul\u00f3pont a legitimit\u00e1sveszt\u00e9sben, Gyurcs\u00e1ny elvesztette az \u00e1llamot, 2009-ben lemondott.<br>\u00c9s maradt ut\u00e1na ki\u00e9gett baloldal, erk\u00f6lcsileg meggyeng\u00fclt demokratikus nyelv \u00e9s a m\u00e9rhetetlen v\u00e1gy a REND ut\u00e1n, amit azt\u00e1n a Fidesz 2010-ben elhozott az \u0151 dr\u00e1ga j\u00f3 n\u00e9p\u00e9nek. De addig m\u00e9g fokozott gyorsul\u00e1ssal cs\u00fasz\u00e1s a szakad\u00e9kba. 2008-as gazdas\u00e1gi vil\u00e1gv\u00e1ls\u00e1g, \u00f6sszeoml\u00e1s, elszabadult \u00e1rfolyamok, devizahitelek bed\u0151l\u00e9se. Egy \u00e9v Bajnai korm\u00e1ny, \u00fagy ahogy stabiliz\u00e1lta a gazdas\u00e1got \u00e9s 2010-ben k\u00e9tharmaddal nyert a Fidesz.<br>Amikor azt mondjuk, hogy a Fidesz mindent \u00e1trendezett lefel\u00e9, akkor ez nem k\u00f6lt\u0151i t\u00falz\u00e1s, hanem konkr\u00e9t, felismerhet\u0151 folyamat. El\u0151sz\u00f6r megsz\u0171ntek a f\u00e9kek \u00e9s ellens\u00falyok. Az Alkotm\u00e1nyb\u00edr\u00f3s\u00e1got ki\u00fcres\u00edtett\u00e9k, az Alapt\u00f6rv\u00e9nyt nem k\u00f6z\u00f6s minimumk\u00e9nt, hanem politikai fegyverk\u00e9nt haszn\u00e1lt\u00e1k. Nem jog\u00e1llam lett \u00faj alkotm\u00e1nnyal, hanem hatalomtechnika jogi k\u00f6nt\u00f6sben. Megsz\u0171nt a t\u00e1rsadalmi p\u00e1rbesz\u00e9d. Nem volt t\u00f6bb\u00e9 egyeztet\u00e9s, vita, \u00e9rdekk\u00e9pviselet. Egyir\u00e1ny\u00fa lett a besz\u00e9d: fentr\u0151l lefel\u00e9. Aki k\u00e9rdezett, gyan\u00fass\u00e1 v\u00e1lt. Aki vitatkozott, ellens\u00e9g lett.<br>Orwell csak \u00e1ll, \u00e9s nyelv\u00e9vel csettint, ez igen.<br>A j\u00f3 p\u00e1sztor a pulpitusr\u00f3l folyamatosan farkast ki\u00e1lt. Nem az\u00e9rt, mert j\u00f6n a farkas, hanem mert a f\u00e9lelem fegyelmez, a retteg\u00e9s terel, \u00e9s az ijedt ny\u00e1j nem k\u00e9rdez. Aki f\u00e9l, az h\u00e1l\u00e1s a v\u00e9delem\u00e9rt. Aki h\u00e1l\u00e1s, az engedelmes. \u00cdgy v\u00e1lik a v\u00e9delem \u00fcr\u00fcggy\u00e9, a gondoskod\u00e1s zsarol\u00e1ss\u00e1, a rend pedig hatalomm\u00e1. A rendeleti korm\u00e1nyz\u00e1s nem kiv\u00e9tel lett, hanem norma. El\u0151bb a migr\u00e1ci\u00f3s v\u00e1ls\u00e1got tett\u00e9k politikai eszk\u00f6zz\u00e9 (2015) \u2013 mik\u00f6zben az emberek egyszer\u0171en csak \u00e1tvonultak az orsz\u00e1gon, Nyugat fel\u00e9, sokszor \u00e1llami seg\u00edts\u00e9ggel, hogy a d\u00edszlet miel\u0151bb elmenjen. Azt\u00e1n j\u00f6tt a j\u00e1rv\u00e1ny, amikor sz\u00e1zmilli\u00e1rdok\u00e9rt lehetett felesleges g\u00e9peket v\u00e1s\u00e1rolni, iratokat ledar\u00e1lni, rakt\u00e1rakat \u0151riztetni. V\u00e9g\u00fcl a h\u00e1bor\u00fa. Mindig volt \u201erendk\u00edv\u00fcli helyzet\u201d, \u00e9s soha nem lett rendk\u00edv\u00fcli a hatalomgyakorl\u00e1s. Csak \u00e1lland\u00f3.<br>A h\u00e1bor\u00fa retorik\u00e1ja pedig m\u00e1r nem a biztons\u00e1gr\u00f3l sz\u00f3l, hanem a kifel\u00e9 sodr\u00f3d\u00e1s igazol\u00e1s\u00e1r\u00f3l. Br\u00fcsszel ellens\u00e9g lett, az Eur\u00f3pai Uni\u00f3 akad\u00e1ly, a k\u00f6z\u00f6sen elfogadott szab\u00e1lyrendszerek jogtalan beavatkoz\u00e1ss\u00e1 v\u00e1ltoztak. A hatalom szemmel l\u00e1that\u00f3an dolgozik az EU-b\u00f3l val\u00f3 kil\u00e9p\u00e9sen. A hatalom v\u00e9grehajt\u00f3 k\u00f6zegnek tekinti a t\u00e1rsadalmat. Ez a sz\u00e1m\u00edt\u00e1s t\u00e9ves. Az orsz\u00e1g nem akar kil\u00e9pni az EU-b\u00f3l, nem szeretn\u00e9nk \u00fatlev\u00e9llel menni Ausztri\u00e1ba.<br>\u00c9s itt mindenk\u00e9ppen \u00edrnom kell az Eur\u00f3pai Uni\u00f3b\u00f3l \u00e9rkez\u0151 p\u00e9nzr\u0151l. Minden \u00e9rtelmetlen ha ezt nem pontos\u00edtjuk megfelel\u0151en \u00e9s h\u0171en.<br>Magyarorsz\u00e1g 2004 \u00f3ta nett\u00f3 kedvezm\u00e9nyezettje az Eur\u00f3pai Uni\u00f3nak. Ez nem v\u00e9lem\u00e9ny, hanem sz\u00e1m. Ezermilli\u00e1rdok \u00e9rkeztek infrastrukt\u00far\u00e1ra, oktat\u00e1sra, eg\u00e9szs\u00e9g\u00fcgyre, felz\u00e1rk\u00f3ztat\u00e1sra, region\u00e1lis fejleszt\u00e9sre. Ha ezek a p\u00e9nzek \u00fagy hasznosultak volna, ahogyan azt egy m\u0171k\u00f6d\u0151 \u00e1llamban szok\u00e1s, ma nem itt tartan\u00e1nk. Nem lenne le\u00e9p\u00fclt eg\u00e9szs\u00e9g\u00fcgy, kiv\u00e9reztetett oktat\u00e1s, t\u00f6meges kiv\u00e1ndorl\u00e1s, rem\u00e9nyvesztett vid\u00e9k. De nem \u00edgy t\u00f6rt\u00e9nt.<br>Az uni\u00f3s p\u00e9nz nem fejleszt\u00e9si eszk\u00f6z lett, hanem hatalmi cement. Nem a j\u00f6v\u0151t \u00e9p\u00edtette, hanem a jelent betonozta be. K\u00f6rforgalmak a semmibe, kil\u00e1t\u00f3k kil\u00e1t\u00e1s n\u00e9lk\u00fcl, lombkorona s\u00e9t\u00e1nyok lombkorona n\u00e9lk\u00fcl, priv\u00e1t lak\u00e1sk\u00e9nt szolg\u00e1l\u00f3 vend\u00e9gh\u00e1zak, stadionok k\u00f6zszolg\u00e1ltat\u00e1s helyett, d\u00edszburkolatok tud\u00e1s helyett. Nem az\u00e9rt, mert ezekre volt sz\u00fcks\u00e9g, hanem mert ezeken kereszt\u00fcl lehetett p\u00e9nzt kivezetni. Sokszorosan t\u00fal\u00e1razott, haveri c\u00e9gekn\u00e9l landol\u00f3 \u00e1llami megrendel\u00e9sek. Jogilag szab\u00e1lyosan, erk\u00f6lcsileg rombol\u00f3 m\u00f3don.<br>Az EU-forr\u00e1sok d\u00f6nt\u0151 r\u00e9sze nem t\u00e1rsadalmi haszonn\u00e1, hanem mag\u00e1nvagyonn\u00e1 alakult. <br>A fejleszt\u00e9spolitika nem arr\u00f3l sz\u00f3lt, hol van a legnagyobb sz\u00fcks\u00e9g, hanem arr\u00f3l, hol van a \u201emegfelel\u0151 k\u00e9z\u201d. \u00cdgy lett a felz\u00e1rk\u00f3ztat\u00e1sb\u00f3l dinasztia\u00e9p\u00edt\u00e9s, az integr\u00e1ci\u00f3b\u00f3l lojalit\u00e1si rendszer. A p\u00e9nz j\u00f6tt, de nem az orsz\u00e1got vitte el\u0151re.<br>\u00c9s amikor Br\u00fcsszel k\u00e9rdezni kezdett &#8211; hov\u00e1 lett, mi\u00e9rt nem l\u00e1tszik, mi\u00e9rt nincs hat\u00e1sa -, akkor lett az EU \u201eellens\u00e9g\u201d. Nem az\u00e9rt, mert belesz\u00f3l, hanem mert sz\u00e1monk\u00e9r. Nem a szuverenit\u00e1st t\u00e1madta, hanem a k\u00f6vetkezm\u00e9nyek n\u00e9lk\u00fcli lop\u00e1s rendszer\u00e9t.<br>Ez az igazi trag\u00e9dia: hogy mik\u00f6zben a propaganda azt harsogja, \u201eBr\u00fcsszel t\u00f6nkretesz minket\u201d, a val\u00f3s\u00e1g az, hogy Br\u00fcsszel tartotta \u00e9letben ezt az orsz\u00e1got, am\u00edg hagyta. Az EU nem elvette a j\u00f6v\u0151t, hanem p\u00e9nzt adott hozz\u00e1 &#8211; csak \u00e9ppen nem a t\u00e1rsadalom haszn\u00e1lta fel, hanem egy sz\u0171k hatalmi k\u00f6r. Innen n\u00e9zve a mai EU-elleness\u00e9g nem ideol\u00f3gia, hanem \u00f6nv\u00e9delem. Nem elvi vita, hanem menek\u00fcl\u00e9s az elsz\u00e1moltat\u00e1s el\u0151l. \u00c9s amikor a p\u00e9nz elapad, amikor a felt\u00e9telek megjelennek, akkor v\u00e1lik vil\u00e1goss\u00e1: nem Eur\u00f3pa hagyta el Magyarorsz\u00e1got, hanem a hatalom hagyta el Eur\u00f3p\u00e1t. Hagyn\u00e1 el Eur\u00f3p\u00e1t.<br>\u00c9s mindehhez t\u00e1rsultak azok az \u00e1tl\u00e1tsz\u00f3, m\u00e9gis m\u0171k\u00f6d\u0151 csal\u00e1sok, amelyek nemcsak a gazdas\u00e1got, hanem a k\u00f6zgondolkod\u00e1st is m\u00e9rgezt\u00e9k. Ilyen volt a rezsics\u00f6kkent\u00e9s. Egy politikai term\u00e9k, amelynek l\u00e9nyege nem az volt, hogy olcs\u00f3bban jutunk energi\u00e1hoz, hanem hogy az \u00e1rk\u00e9pz\u00e9s\u00e9t \u00e1tl\u00e1thatatlann\u00e1 tegy\u00e9k. A k\u00f6zbeiktatott keresked\u0151k\u00f6n, \u00e1llami \u00e9s f\u00e9l\u00e1llami c\u00e9geken kereszt\u00fcl \u00f3ri\u00e1si p\u00e9nzek v\u00e1ndoroltak el, mik\u00f6zben az \u00e1llampolg\u00e1r azt hitte, nyert. Nem nyert. Fizetett. Csak nem l\u00e1tta hol.<br>\u00c9s mi is t\u00f6rt\u00e9nt a nyugd\u00edjasokkal? A sv\u00e1jci index\u00e1l\u00e1s megsz\u00fcntet\u00e9se ut\u00e1n az \u00e9rt\u00e9kveszt\u00e9st nem korrig\u00e1lt\u00e1k, helyette alamizsn\u00e1t sz\u00f3rtak: egyszeri juttat\u00e1sokat, v\u00e1laszt\u00e1sok el\u0151tti \u201eaj\u00e1nd\u00e9kokat\u201d. Nem biztons\u00e1got adtak, hanem f\u00fcgg\u0151s\u00e9get. Nem jogot, hanem kegyet.<br>A mag\u00e1nnyugd\u00edjp\u00e9nzt\u00e1rak \u00e1llamos\u00edt\u00e1sa s\u00falyos t\u00f6r\u00e9s volt. Nemcsak p\u00e9nzt vettek el, hanem elv\u00e1gt\u00e1k az \u00f6ngondoskod\u00e1s lehet\u0151s\u00e9g\u00e9t, \u00e9s kimondt\u00e1k: az \u00e1llam\u00e9 minden, a j\u00f6v\u0151d is. Ez m\u00e1r nem gazdas\u00e1gpolitika volt, hanem uralmi aktus.<br>Ezzel p\u00e1rhuzamosan zajlott a dinasztia\u00e9p\u00edt\u00e9s. Nem egy\u00e9ni korrupci\u00f3, hanem rendszeres\u00edtett kleptokr\u00e1cia. Csal\u00e1dtagok, bar\u00e1tok, str\u00f3manok &#8211; k\u00f6zp\u00e9nzb\u0151l mag\u00e1nvagyon, \u00e1llami megrendel\u00e9sekb\u0151l kast\u00e9lyok, f\u00f6ldek, bankok. A nemzet nev\u00e9ben, a nemzet ellen\u00e9ben.<br>\u00c9s mindennek ott volt az eredend\u0151 b\u0171ne, a sz\u00e9kh\u00e1z\u00fcgy. M\u00e1r a kezdetekor megmutatta, hogy ez nem \u00e9rt\u00e9kalap\u00fa politiz\u00e1l\u00e1s, hanem zs\u00e1km\u00e1nyszerz\u00e9s. Hogy a \u201enemzeti\u201d sz\u00f3 nem erk\u00f6lcsi tartalom, hanem fed\u0151n\u00e9v. Hogy nem az orsz\u00e1g\u00e9rt, hanem valakik\u00e9rt folyik ez az eg\u00e9sz.<br>Innen n\u00e9zve minden k\u00e9s\u0151bbi l\u00e9p\u00e9s logikus. Nem v\u00e9letlen, nem kisikl\u00e1s, nem \u201erossz d\u00f6nt\u00e9sek sorozata\u201d. Tal\u00e1n \u00e9ppen ez volt a terv? \u00c9s sz\u00e1nd\u00e9koltan nem \u00edrok az MNB-b\u0151l szellent\u00e9sk\u00e9nt, nyomtalanul elt\u0171nt sz\u00e1z milli\u00e1rdokr\u00f3l, M\u00e9sz\u00e1ros L\u0151rinc mes\u00e9s gazdagod\u00e1s\u00e1r\u00f3l, mert ezek ugyan f\u00e1j\u00f3 t\u00e9nyek, a gondolat \u00e9bred\u00e9s\u00e9hez kellenek, de nem sz\u00fcks\u00e9gesek.<br>\u00c9s mindezt bebor\u00edtotta egy mindent elural\u00f3 propaganda, amely nem meggy\u0151zni akar, hanem helyetted gondolkodni. Megmondja, kit\u0151l f\u00e9lj, kit gy\u0171l\u00f6lj, mit ne k\u00e9rdezz meg. A val\u00f3s\u00e1g nem megsz\u0171nt, csak lecser\u00e9lt\u00e9k. Ez nem korm\u00e1nyz\u00e1s volt, hanem lelki \u00e1tnevel\u00e9s. Az Orb\u00e1n-rezsim nem egyszer\u0171en megosztotta az orsz\u00e1got &#8211; ebb\u0151l csin\u00e1lt rendszert. A gy\u0171l\u00f6let n\u00e1luk nem indulat, hanem m\u00f3dszer. Ha a magyar a magyart\u00f3l f\u00e9l, akkor nem k\u00e9rdezi meg, hov\u00e1 lett a p\u00e9nz, az iskola, a k\u00f3rh\u00e1z, a j\u00f6v\u0151. Ezen t\u00fal kell l\u00e9pni, k\u00fcl\u00f6nben mindig lesz \u00faj ellens\u00e9gk\u00e9p.<br>A t\u00f6rt\u00e9nelem nagyon szigor\u00fa lesz vel\u00fcnk. Az\u00e9rt, amit elmulasztottunk. Az a rengeteg er\u0151, energia \u00e9s p\u00e9nz, amely az elm\u00falt \u00e9vekben mag\u00e1ngazdagod\u00e1sra \u00e9s az \u00e1lland\u00f3 k\u00e9tharmad bebiztos\u00edt\u00e1s\u00e1ra ment el, nem az orsz\u00e1g jav\u00e1t szolg\u00e1lta. Ezek nem \u201erossz d\u00f6nt\u00e9sek\u201d voltak, hanem elterelt priorit\u00e1sok. \u00c9s a t\u00f6rt\u00e9nelem nem alkudozik.<br>A j\u00f6v\u0151 fel\u0151l n\u00e9zve minden egyszer\u0171bb \u00e9s kegyetlenebb. A gyerekeink nem ideol\u00f3gi\u00e1t \u00f6r\u00f6k\u00f6lnek, hanem k\u00f6vetkezm\u00e9nyeket. \u00c9s azt a mint\u00e1t, amit mi hagyunk r\u00e1juk: lehajtott fejjel t\u00fal\u00e9lni, vagy felegyenesedve v\u00e1ltoztatni.<br>A k\u00e9rd\u00e9s most m\u00e1r csak ez: \u00e9rted-e a sz\u00f3t? \u00c9s ha igen: mit kezdesz vele?<\/p>\n\n\n\n<p><\/p>\n","protected":false},"excerpt":{"rendered":"<p>Ha az id\u0151d kev\u00e9s, a bet\u0171 sok, (ez bizony 2318 sz\u00f3) akkor \u00f6sszefoglalom: ami ma t\u00f6rt\u00e9nik, nem egyik napr\u00f3l a m\u00e1sikra lett ilyen. Ez nem hirtelen roml\u00e1s, hanem hossz\u00fa \u00e9vek k\u00f6vetkezm\u00e9nye. A d\u00f6nt\u00e9sed nem null\u00e1r\u00f3l indul. Olvasd v\u00e9gig.Ezt a sok gondolatot az\u00e9rt raktam \u00f6ssze napokat ford\u00edtva r\u00e1, csiszolgatva, pontos\u00edtva, t\u00e9nyekre r\u00e1keresve, mert felbaszta az agyamat [&hellip;]<\/p>\n","protected":false},"author":7,"featured_media":0,"comment_status":"closed","ping_status":"closed","sticky":false,"template":"","format":"standard","meta":{"footnotes":""},"categories":[1],"tags":[],"class_list":["post-1327","post","type-post","status-publish","format-standard","hentry","category-nem-kategorizalt"],"_links":{"self":[{"href":"http:\/\/www.jozanesz.hu\/index.php?rest_route=\/wp\/v2\/posts\/1327","targetHints":{"allow":["GET"]}}],"collection":[{"href":"http:\/\/www.jozanesz.hu\/index.php?rest_route=\/wp\/v2\/posts"}],"about":[{"href":"http:\/\/www.jozanesz.hu\/index.php?rest_route=\/wp\/v2\/types\/post"}],"author":[{"embeddable":true,"href":"http:\/\/www.jozanesz.hu\/index.php?rest_route=\/wp\/v2\/users\/7"}],"replies":[{"embeddable":true,"href":"http:\/\/www.jozanesz.hu\/index.php?rest_route=%2Fwp%2Fv2%2Fcomments&post=1327"}],"version-history":[{"count":6,"href":"http:\/\/www.jozanesz.hu\/index.php?rest_route=\/wp\/v2\/posts\/1327\/revisions"}],"predecessor-version":[{"id":1333,"href":"http:\/\/www.jozanesz.hu\/index.php?rest_route=\/wp\/v2\/posts\/1327\/revisions\/1333"}],"wp:attachment":[{"href":"http:\/\/www.jozanesz.hu\/index.php?rest_route=%2Fwp%2Fv2%2Fmedia&parent=1327"}],"wp:term":[{"taxonomy":"category","embeddable":true,"href":"http:\/\/www.jozanesz.hu\/index.php?rest_route=%2Fwp%2Fv2%2Fcategories&post=1327"},{"taxonomy":"post_tag","embeddable":true,"href":"http:\/\/www.jozanesz.hu\/index.php?rest_route=%2Fwp%2Fv2%2Ftags&post=1327"}],"curies":[{"name":"wp","href":"https:\/\/api.w.org\/{rel}","templated":true}]}}