{"id":1336,"date":"2026-02-18T10:36:18","date_gmt":"2026-02-18T09:36:18","guid":{"rendered":"https:\/\/www.jozanesz.hu\/?p=1336"},"modified":"2026-04-02T08:43:21","modified_gmt":"2026-04-02T07:43:21","slug":"heti-tarkabors","status":"publish","type":"post","link":"http:\/\/www.jozanesz.hu\/?p=1336","title":{"rendered":"Heti tarkabors"},"content":{"rendered":"\n<p>Hatalmas bet\u0171k, hangos vide\u00f3k harsogj\u00e1k: a Fidesz bevezette a 14. havi nyugd\u00edjat.<br>Tulajdonk\u00e9ppen \u00edgy igaz, csak egy kis pontos\u00edt\u00e1sra szorul.<br>2026. febru\u00e1rj\u00e1ban a nyugd\u00edjasok megkapt\u00e1k a 14. havi nyugd\u00edj 25%-\u00e1t.<br>A teljes 14. havi nyugd\u00edjat majd 2029-ben fogj\u00e1k k\u00e9zhez kapni.<br>Att\u00f3l m\u00e9g kamp\u00e1nyolni m\u00e1r most is kit\u0171n\u0151en lehet vele.<\/p>\n\n\n\n<p>Az\u00e9rt kell az oroszokt\u00f3l v\u00e1s\u00e1rolnunk a k\u0151olajat, mert olcs\u00f3bban adj\u00e1k, mint m\u00e1sok.<br>Azt, hogy ez az \u00e1ll\u00edt\u00e1s megfelel-e a val\u00f3s\u00e1gnak, nem lehet pontosan tudni, mert titkolj\u00e1k a szerz\u0151d\u00e9seket, de tegy\u00fck fel, hogy igaz. Akkor vajon mi\u00e9rt dr\u00e1g\u00e1bb az \u00fczemanyag n\u00e1lunk, mint Csehorsz\u00e1gban, ahol m\u00e1r lev\u00e1ltak az orosz olajr\u00f3l? Az\u00e9rt, mert a beszerz\u00e9si \u00e1r n\u00e1lunk nem befoly\u00e1solja az elad\u00e1si \u00e1rat. Az \u00e1llam nek\u00fcnk dr\u00e1g\u00e1n adja \u00e9s nagyot kasz\u00e1l rajta.<\/p>\n\n\n\n<p>A korm\u00e1ny teljess\u00e9ggel elfogadhatatlannak tartja, ha k\u00fclf\u00f6ldr\u0151l megpr\u00f3b\u00e1lnak beavatkozni a magyar v\u00e1laszt\u00e1sokba, mert els\u0151 \u00e9s legfontosabb a szuverenit\u00e1s.<br>De ha Merco Rubio amerikai k\u00fcl\u00fcgyminiszter elj\u00f6n Magyarorsz\u00e1gra \u00e9s fullba nyomja a korm\u00e1ny propagand\u00e1t,  akkor a szuverenit\u00e1st nyugodtan elviheti az \u00f6rd\u00f6g.<\/p>\n\n\n\n<p>Vlagyimir Putyin orosz eln\u00f6k tan\u00e1csad\u00f3ja Vlagyimir Megyinszkij kijelentette, hogy az oroszok k\u00e9szek ak\u00e1r t\u00f6bb milli\u00f3 embert is elvesz\u00edteni, \u00e9s \u00e9vekig keny\u00e9ren \u00e9s v\u00edzen \u00e9lni annak \u00e9rdek\u00e9ben, hogy a Donyec-medence orosz k\u00e9zen maradjon, valamint a \u201ek\u00fcl\u00f6nleges hadm\u0171velet\u201d egy\u00e9b c\u00e9ljai is megval\u00f3suljanak.<br>Rem\u00e9lem, hogy ezzel csak az elt\u00f6k\u00e9lts\u00e9get akarta kifejezni, de nem gondolta komolyan. Ha komolyan mondta, akkor sem a saj\u00e1t gyerekeire gondolt, ebben biztos vagyok. Annyira nem ostoba, hogy ne tudja, hogyan kell a csal\u00e1nt \u00fagy verni, hogy m\u00e1snak f\u00e1jjon. <br>Az\u00e9rt egy agyi MRI vizsg\u00e1latra felt\u00e9tlen\u00fcl sz\u00fcks\u00e9ge lenne.<\/p>\n\n\n\n<p>Mi\u00e9rt ne lehetne G\u00e1sp\u00e1r Evelin a k\u00e9s\u0151bbiekben k\u00fcl\u00fcgyminiszter? <br>Olyan sz\u00ednvonal\u00fa biztos lenne, mint a Lavrov bar\u00e1t Szijj\u00e1rt\u00f3 P\u00e9ter.<\/p>\n","protected":false},"excerpt":{"rendered":"<p>Hatalmas bet\u0171k, hangos vide\u00f3k harsogj\u00e1k: a Fidesz bevezette a 14. havi nyugd\u00edjat.Tulajdonk\u00e9ppen \u00edgy igaz, csak egy kis pontos\u00edt\u00e1sra szorul.2026. febru\u00e1rj\u00e1ban a nyugd\u00edjasok megkapt\u00e1k a 14. havi nyugd\u00edj 25%-\u00e1t.A teljes 14. havi nyugd\u00edjat majd 2029-ben fogj\u00e1k k\u00e9zhez kapni.Att\u00f3l m\u00e9g kamp\u00e1nyolni m\u00e1r most is kit\u0171n\u0151en lehet vele. Az\u00e9rt kell az oroszokt\u00f3l v\u00e1s\u00e1rolnunk a k\u0151olajat, mert olcs\u00f3bban adj\u00e1k, [&hellip;]<\/p>\n","protected":false},"author":7,"featured_media":0,"comment_status":"closed","ping_status":"closed","sticky":false,"template":"","format":"standard","meta":{"footnotes":""},"categories":[1],"tags":[],"class_list":["post-1336","post","type-post","status-publish","format-standard","hentry","category-nem-kategorizalt"],"_links":{"self":[{"href":"http:\/\/www.jozanesz.hu\/index.php?rest_route=\/wp\/v2\/posts\/1336","targetHints":{"allow":["GET"]}}],"collection":[{"href":"http:\/\/www.jozanesz.hu\/index.php?rest_route=\/wp\/v2\/posts"}],"about":[{"href":"http:\/\/www.jozanesz.hu\/index.php?rest_route=\/wp\/v2\/types\/post"}],"author":[{"embeddable":true,"href":"http:\/\/www.jozanesz.hu\/index.php?rest_route=\/wp\/v2\/users\/7"}],"replies":[{"embeddable":true,"href":"http:\/\/www.jozanesz.hu\/index.php?rest_route=%2Fwp%2Fv2%2Fcomments&post=1336"}],"version-history":[{"count":9,"href":"http:\/\/www.jozanesz.hu\/index.php?rest_route=\/wp\/v2\/posts\/1336\/revisions"}],"predecessor-version":[{"id":1397,"href":"http:\/\/www.jozanesz.hu\/index.php?rest_route=\/wp\/v2\/posts\/1336\/revisions\/1397"}],"wp:attachment":[{"href":"http:\/\/www.jozanesz.hu\/index.php?rest_route=%2Fwp%2Fv2%2Fmedia&parent=1336"}],"wp:term":[{"taxonomy":"category","embeddable":true,"href":"http:\/\/www.jozanesz.hu\/index.php?rest_route=%2Fwp%2Fv2%2Fcategories&post=1336"},{"taxonomy":"post_tag","embeddable":true,"href":"http:\/\/www.jozanesz.hu\/index.php?rest_route=%2Fwp%2Fv2%2Ftags&post=1336"}],"curies":[{"name":"wp","href":"https:\/\/api.w.org\/{rel}","templated":true}]}}