{"id":57,"date":"2009-02-15T19:09:02","date_gmt":"2009-02-15T18:09:02","guid":{"rendered":"http:\/\/www.jozanesz.hu\/?p=57"},"modified":"2011-10-13T09:42:11","modified_gmt":"2011-10-13T08:42:11","slug":"a-venasszony-csak-nevet","status":"publish","type":"post","link":"http:\/\/www.jozanesz.hu\/?p=57","title":{"rendered":"A v\u00e9nasszony csak nevet"},"content":{"rendered":"<p>Az \u00f6regasszony, akivel \u00f6sszetal\u00e1lkoztam az erd\u0151ben azt mondta, hogy ha teljes\u00edtem a k\u00edv\u00e1ns\u00e1g\u00e1t, akkor rendbe rakja a magyar gazdas\u00e1got.<\/p>\n<p><!--more--><\/p>\n<p>Ami\u00f3ta t\u00f6rv\u00e9ny \u00edrja el\u0151, kb. n\u00e9gysz\u00e1zezer vagyonnyilatkozatot k\u00e9sz\u00edtettek fontos beoszt\u00e1sokban dolgoz\u00f3 honfit\u00e1rsaink, melyekb\u0151l napn\u00e1l vil\u00e1gosabban kider\u00fcl, hogy \u0151k bizony nem, hogy kir\u00edv\u00f3an vagy szemtelen\u00fcl nagy\u00edv\u0171 \u00fctemben gyarapodn\u00e1nak, hanem rosszabbul \u00e9lnek mint n\u00e9gy \u00e9vvel ezel\u0151tt..<\/p>\n<p>\u00cdgy tal\u00e1lt\u00e1k ezt az ellen\u0151rz\u00e9si jogk\u00f6rrel felkent hivatalnokok is, ezeddig \u00f6sszesen 7 esetben indult vizsg\u00e1lat gyan\u00fasnak tal\u00e1lt vagyongyarapod\u00e1si \u00fcgyben, de mind a h\u00e9tr\u0151l kider\u00fclt, hogy minden a legnagyobb rendben, beavatkoz\u00e1sra semmi ok.<\/p>\n<p>Ha minden rendben, ha vezet\u0151ink, akikre magunkat, az orsz\u00e1gunkat \u00e9s a j\u00f6v\u0151nket b\u00edzzuk, makul\u00e1tlanok, annak \u00f6r\u00fclni kell.<\/p>\n<p>De nem \u00edgy van \u00e9s kicsit se \u00f6r\u00fcl\u00f6k.<\/p>\n<p>Mert tudom, hogy ezek az adatok, ugyan \u00fagy mint m\u00e1r sz\u00e1mtalanszor, nem fedik a val\u00f3s\u00e1got.<\/p>\n<p>(Az, hogy mekkora munka volt \u00e9s mibe ker\u00fclt a vagyongyarapod\u00e1si \u0171rlapokat megszerkeszteni, legy\u00e1rtani, kipost\u00e1zni, \u00f6sszegy\u0171jteni, \u00e9rt\u00e9kelni, nulla eredm\u00e9nnyel, az is meg\u00e9rne egy mis\u00e9t.)<\/p>\n<p>Magyarorsz\u00e1gon egy orsz\u00e1ggy\u0171l\u00e9si k\u00e9pvisel\u0151, aki Budapesten lakik, felvehet k\u00f6zel 300 ezer ft benzink\u00f6lts\u00e9g t\u00e9r\u00edt\u00e9st, sz\u00e1mla n\u00e9lk\u00fcl. Ha vid\u00e9ki, akkor enn\u00e9l sokkal t\u00f6bbet.<\/p>\n<p>Mi ez, ha nem a mi bosszant\u00e1sunkra sz\u00e1nt szemtelen \u00e9s arrog\u00e1ns int\u00e9z\u00e9se k\u00f6z\u00f6s dolgainknak?<\/p>\n<p>300 ezer forint\u00e9rt ma 1250 liter benzint adnak, ha egy aut\u00f3 12 litert fogyaszt 100 kilom\u00e9teren, (ami egy\u00e1ltal\u00e1n nem takar\u00e9kos aut\u00f3t jelent) akkor a k\u00e9pvisel\u0151 t\u00f6bb mint t\u00edzezer kilom\u00e9tert tesz meg havonta!!\u00a0 A t\u0151l\u00fcnk beszedett, behajtott, kik\u00e9nyszer\u00edtett ad\u00f3forintokb\u00f3l. \u00c9s m\u00e9g mennyi minden j\u00e1r neki! Telefon, \u00edr\u00f3asztal, HiFi, TV, b\u0151rfotel, \u00fcd\u00fcl\u00e9si csekk, kult\u00fara utalv\u00e1ny, ruhap\u00e9nz, \u00e9ves b\u00e9rlet, titk\u00e1rn\u0151, tizenharmadik havi b\u00e9r, pr\u00e9mium, jutalom. Meg\u00e9rdemli. \u0150 is n\u00e9lk\u00fcl\u00f6zhetetlen tagja annak a garnit\u00far\u00e1nak, amelyik el tudta int\u00e9zni, hogy Magyarorsz\u00e1g ott tartson, ahol jelenleg tart.<\/p>\n<p>Lesz-e valaha olyan orsz\u00e1g vezet\u0151nk, aki akkora tekint\u00e9llyel, elfogadotts\u00e1ggal, elhivatotts\u00e1ggal, tekint\u00e9lyt parancsol\u00f3 tisztess\u00e9ggel rendelkezik, aki mondhatja, hogy uraim, eddig volt, de ne tov\u00e1bb! Aki azt mondja majd a p\u00e1rtvez\u00e9reknek, k\u00e9pvisel\u0151knek, megyei kiskir\u00e1lyoknak, hogy aki nem hajland\u00f3 a rendes havi fizet\u00e9s\u00e9\u00e9rt a legnagyobb er\u0151bedob\u00e1ssal, tud\u00e1sa \u00e9s tehets\u00e9ge szerinti maxim\u00e1lis er\u0151vel \u00e9s tisztess\u00e9ggel dolgozni, az n\u00e9zzen m\u00e1s \u00e1ll\u00e1s ut\u00e1n, mert biztos lehet benne, hogy itt tov\u00e1bb ingyen kenyeret nem sokat eszik meg.<\/p>\n<p>Megtettem amit az \u00f6regasszony k\u00edv\u00e1nt, de \u0151 csak nevetett: V\u00e9n mamlasz! M\u00e9g hiszel a t\u00fcnd\u00e9rmes\u00e9kben?<\/p>\n","protected":false},"excerpt":{"rendered":"<p>Az \u00f6regasszony, akivel \u00f6sszetal\u00e1lkoztam az erd\u0151ben azt mondta, hogy ha teljes\u00edtem a k\u00edv\u00e1ns\u00e1g\u00e1t, akkor rendbe rakja a magyar gazdas\u00e1got.<\/p>\n","protected":false},"author":7,"featured_media":0,"comment_status":"closed","ping_status":"closed","sticky":false,"template":"","format":"standard","meta":{"footnotes":""},"categories":[5],"tags":[11,8,9,10],"class_list":["post-57","post","type-post","status-publish","format-standard","hentry","category-kozelet","tag-gyarapodas","tag-kepviselok","tag-koltsegterites","tag-vagyon"],"_links":{"self":[{"href":"http:\/\/www.jozanesz.hu\/index.php?rest_route=\/wp\/v2\/posts\/57","targetHints":{"allow":["GET"]}}],"collection":[{"href":"http:\/\/www.jozanesz.hu\/index.php?rest_route=\/wp\/v2\/posts"}],"about":[{"href":"http:\/\/www.jozanesz.hu\/index.php?rest_route=\/wp\/v2\/types\/post"}],"author":[{"embeddable":true,"href":"http:\/\/www.jozanesz.hu\/index.php?rest_route=\/wp\/v2\/users\/7"}],"replies":[{"embeddable":true,"href":"http:\/\/www.jozanesz.hu\/index.php?rest_route=%2Fwp%2Fv2%2Fcomments&post=57"}],"version-history":[{"count":5,"href":"http:\/\/www.jozanesz.hu\/index.php?rest_route=\/wp\/v2\/posts\/57\/revisions"}],"predecessor-version":[{"id":66,"href":"http:\/\/www.jozanesz.hu\/index.php?rest_route=\/wp\/v2\/posts\/57\/revisions\/66"}],"wp:attachment":[{"href":"http:\/\/www.jozanesz.hu\/index.php?rest_route=%2Fwp%2Fv2%2Fmedia&parent=57"}],"wp:term":[{"taxonomy":"category","embeddable":true,"href":"http:\/\/www.jozanesz.hu\/index.php?rest_route=%2Fwp%2Fv2%2Fcategories&post=57"},{"taxonomy":"post_tag","embeddable":true,"href":"http:\/\/www.jozanesz.hu\/index.php?rest_route=%2Fwp%2Fv2%2Ftags&post=57"}],"curies":[{"name":"wp","href":"https:\/\/api.w.org\/{rel}","templated":true}]}}