{"id":1043,"date":"2025-11-09T08:24:53","date_gmt":"2025-11-09T07:24:53","guid":{"rendered":"https:\/\/www.jozanesz.hu\/?p=1043"},"modified":"2025-11-12T09:58:59","modified_gmt":"2025-11-12T08:58:59","slug":"csucstalalkozo","status":"publish","type":"post","link":"https:\/\/www.jozanesz.hu\/?p=1043","title":{"rendered":"Cs\u00facstal\u00e1lkoz\u00f3"},"content":{"rendered":"\n<p>Nem mindenkit fogad az amerikai eln\u00f6k. Az 1800-as \u00e9vekben m\u00e9g b\u00e1rki k\u00e9rhetett szem\u00e9lyes meghallgat\u00e1st az USA els\u0151 ember\u00e9t\u0151l. Ez persze nem volt sok\u00e1ig fenntarthat\u00f3, James A. Garfield, a huszadik amerikai eln\u00f6k m\u00e9g fogadta Charles J. Guiteau-t egy audenci\u00e1n, aki nem sokkal ezut\u00e1n h\u00e1tba l\u0151tte.<br>Orb\u00e1n Viktort Washingtonban fogadta az amerikai eln\u00f6k. Mivel a Budapestre tervezett Trump-Putyin tal\u00e1lkoz\u00f3 \u00e1tmenetileg elmaradt, (nem is maradt el, nem is volt id\u0151pont, az esem\u00e9nyt a korm\u00e1ny \u00fagy kommunik\u00e1lta, ahogy \u00e1ltal\u00e1ban szokta, elkent, ferd\u00edtett, f\u00e9lremagyar\u00e1zott). Gyorsan meg kellett h\u00edvni a magyar minisztereln\u00f6k\u00f6t, a k\u00e1rokat enyh\u00edtend\u0151.<br>Orb\u00e1n Viktor Washingtoni l\u00e1togat\u00e1sa az \u0151 szem\u00e9lyes sikere, az orsz\u00e1g keveset profit\u00e1l bel\u0151le.<br>Most persze el lehet ezt adni \u00fagy, hogy Orb\u00e1n kiment Washingtonba \u00e9s elgerebly\u00e9zte a dolgokat a bar\u00e1tj\u00e1val. De k\u00f6zel sem \u00edgy van.<br>Egy cs\u00facstal\u00e1lkoz\u00f3n a legritk\u00e1bb esetben sz\u00fcletnek \u00e9rdemi d\u00f6nt\u00e9sek. Minden, ami ott elhangzik \u00e9s l\u00e9trej\u00f6n, az el\u0151re megtervezett \u00e9s elfogadott meg\u00e1llapod\u00e1sok szerint t\u00f6rt\u00e9nik. Az ilyen tal\u00e1lkoz\u00f3k t\u00f6bbnyire szimbolikusak, protokoll\u00e1risak, kiz\u00e1r\u00f3lag az el\u0151re elfogadott meg\u00e1llapod\u00e1sok form\u00e1lis lez\u00e1r\u00e1s\u00e1ra szolg\u00e1lnak. A k\u00fcl\u00fcgyminiszt\u00e9riumok \u00e9s nagyk\u00f6vets\u00e9gek egyeztetik, mir\u0151l lesz sz\u00f3, \u00e9s milyen eredm\u00e9nyt v\u00e1rnak. A szak\u00e9rt\u0151k (diplomat\u00e1k, jog\u00e1szok, gazdas\u00e1gi tan\u00e1csad\u00f3k) minden egyes k\u00e9rd\u00e9sr\u0151l el\u0151re kidolgozz\u00e1k a lehets\u00e9ges alternat\u00edv\u00e1kat. B\u00e1rmilyen egyezm\u00e9nyt akarnak k\u00f6tni, a sz\u00f6veget m\u00e1r szak\u00e9rt\u0151i szinten a tal\u00e1lkoz\u00f3 el\u0151tt lez\u00e1rj\u00e1k. Ink\u00e1bb a politikai sz\u00ednh\u00e1z, mint az alkudoz\u00e1sok terepe egy cs\u00facstal\u00e1lkoz\u00f3.<br>\u00dagyhogy ne gondolja senki, hogy a magyar minisztereln\u00f6k kirohant Amerik\u00e1ba \u00e9s mindent elint\u00e9zett. Amit int\u00e9zett, az is nagyon sokba ker\u00fclt. Azt\u00e1n m\u00e9g el sem indultak hazafel\u00e9, amikor a meg\u00e1llapod\u00e1s m\u00e1ris k\u00e9tf\u00e9le \u00e9rtelmez\u00e9st kapott. Amerikai sajt\u00f3\u00e9rtes\u00fcl\u00e9sek szerint egyetlen \u00e9vre kaptunk mentess\u00e9get az orosz energiahordoz\u00f3k szankci\u00f3mentes v\u00e1s\u00e1rl\u00e1s\u00e1ra, a magyar deleg\u00e1ci\u00f3 szerint viszont nincs id\u0151korl\u00e1t. Valaki valamit nagyon f\u00e9lre\u00e9rtett. Pedig nem is Deutsch Tam\u00e1s volt a tolm\u00e1cs.<\/p>\n","protected":false},"excerpt":{"rendered":"<p>Nem mindenkit fogad az amerikai eln\u00f6k. Az 1800-as \u00e9vekben m\u00e9g b\u00e1rki k\u00e9rhetett szem\u00e9lyes meghallgat\u00e1st az USA els\u0151 ember\u00e9t\u0151l. Ez persze nem volt sok\u00e1ig fenntarthat\u00f3, James A. Garfield, a huszadik amerikai eln\u00f6k m\u00e9g fogadta Charles J. Guiteau-t egy audenci\u00e1n, aki nem sokkal ezut\u00e1n h\u00e1tba l\u0151tte.Orb\u00e1n Viktort Washingtonban fogadta az amerikai eln\u00f6k. Mivel a Budapestre tervezett Trump-Putyin [&hellip;]<\/p>\n","protected":false},"author":7,"featured_media":0,"comment_status":"closed","ping_status":"closed","sticky":false,"template":"","format":"standard","meta":{"footnotes":""},"categories":[1],"tags":[],"class_list":["post-1043","post","type-post","status-publish","format-standard","hentry","category-nem-kategorizalt"],"_links":{"self":[{"href":"https:\/\/www.jozanesz.hu\/index.php?rest_route=\/wp\/v2\/posts\/1043","targetHints":{"allow":["GET"]}}],"collection":[{"href":"https:\/\/www.jozanesz.hu\/index.php?rest_route=\/wp\/v2\/posts"}],"about":[{"href":"https:\/\/www.jozanesz.hu\/index.php?rest_route=\/wp\/v2\/types\/post"}],"author":[{"embeddable":true,"href":"https:\/\/www.jozanesz.hu\/index.php?rest_route=\/wp\/v2\/users\/7"}],"replies":[{"embeddable":true,"href":"https:\/\/www.jozanesz.hu\/index.php?rest_route=%2Fwp%2Fv2%2Fcomments&post=1043"}],"version-history":[{"count":5,"href":"https:\/\/www.jozanesz.hu\/index.php?rest_route=\/wp\/v2\/posts\/1043\/revisions"}],"predecessor-version":[{"id":1066,"href":"https:\/\/www.jozanesz.hu\/index.php?rest_route=\/wp\/v2\/posts\/1043\/revisions\/1066"}],"wp:attachment":[{"href":"https:\/\/www.jozanesz.hu\/index.php?rest_route=%2Fwp%2Fv2%2Fmedia&parent=1043"}],"wp:term":[{"taxonomy":"category","embeddable":true,"href":"https:\/\/www.jozanesz.hu\/index.php?rest_route=%2Fwp%2Fv2%2Fcategories&post=1043"},{"taxonomy":"post_tag","embeddable":true,"href":"https:\/\/www.jozanesz.hu\/index.php?rest_route=%2Fwp%2Fv2%2Ftags&post=1043"}],"curies":[{"name":"wp","href":"https:\/\/api.w.org\/{rel}","templated":true}]}}