{"id":1055,"date":"2025-11-12T08:48:07","date_gmt":"2025-11-12T07:48:07","guid":{"rendered":"https:\/\/www.jozanesz.hu\/?p=1055"},"modified":"2025-11-12T10:05:25","modified_gmt":"2025-11-12T09:05:25","slug":"kerelem","status":"publish","type":"post","link":"https:\/\/www.jozanesz.hu\/?p=1055","title":{"rendered":"K\u00e9relem"},"content":{"rendered":"\n<p>Tisztelt Minisztereln\u00f6k \u00dar!<br>Azzal a k\u00e9r\u00e9ssel fordulok \u00d6nh\u00f6z, hogy tessen m\u00e1r egy kicsit jobban odafigyelni mag\u00e1ra. <br>Most nem a testfel\u00e9p\u00edt\u00e9s\u00e9r\u0151l van sz\u00f3 hogy fogy\u00f3k\u00far\u00e1zzon, vagy ilyesmi, ha egyszer j\u00f3l megy sora, meg isteni a faszenes grills\u00fct\u0151je, persze, hogy szeret j\u00f3kat enni, ez minimum \u00e9rthet\u0151. Az er\u0151g\u00e9pek \u00e9s fut\u00f3padok v\u00e9gk\u00e9pp nem az \u00d6n vil\u00e1ga.<\/p>\n\n\n\n<p>Amikor a minap meg\u00e9rkezett Washingtonba, \u00e9s fogadta \u00d6nt az amerikai eln\u00f6k, a nemzetk\u00f6zi m\u00e9dia kamer\u00e1inak keresztt\u00fcz\u00e9ben \u00d6n benn\u00fcnket is k\u00e9pviselt, Magyarokat. \u00c9s elk\u00e9pedve l\u00e1tt\u00e1k, hogy \u00d6n egy olyan nadr\u00e1got visel, amelyiknek a sz\u00e1ra legal\u00e1bb 30 centivel hosszabb, mint amennyit az \u00d6n magass\u00e1ga indokol. Ennek megfelel\u0151en olyan trottyosra sikeredett, hogy nem lehet tudni melyik volt nagyobb, a megd\u00f6bben\u00e9s vagy a kacag\u00e1s. T\u00e9nyleg nincs senki, aki tudna varrni egy \u00f6lt\u00f6nyt az \u00d6n m\u00e9ret\u00e9re? Azt mondjuk kiz\u00e1rhatjuk, hogy nincs r\u00e1 p\u00e9nze. Akkor mi\u00e9rt kell \u00fagy megjelennie egy orsz\u00e1g minisztereln\u00f6kek\u00e9nt a vil\u00e1g nyilv\u00e1noss\u00e1ga el\u0151tt, mint egy b\u00f6ll\u00e9r a keresztl\u00e1nya lakodalm\u00e1n?<\/p>\n\n\n\n<p>\u00c9s ha ez nem volna el\u00e9g, van itt m\u00e9g p\u00e1r dolog. M\u00e9g mindig nem tudott att\u00f3l a rettenetes szok\u00e1s\u00e1t\u00f3l megszabadulni, hogy apr\u00f3 nyelvmozdulatokkal nyalja a sz\u00e1j\u00e1t. A k\u00edgy\u00f3k csin\u00e1lj\u00e1k ezt, amikor \u00e9lelmet vagy ellens\u00e9get keresnek. \u00d6n e n\u00e9lk\u00fcl is k\u00f6nnyen tal\u00e1l ellens\u00e9get. Higgye el, hogy ez a cs\u00f6rg\u0151k\u00edgy\u00f3z\u00e1s nem seg\u00edti az \u00d6nr\u0151l alkotott pozit\u00edv im\u00e1zs kialakul\u00e1s\u00e1t.<br>Azt\u00e1n ott van az, hogy nem tud mit kezdeni a holtid\u0151kkel. Amikor v\u00e1rni kell, idegesen pakol\u00e1szik, felveszi, leteszi, kinyitja, becsukja, \u00f6tsz\u00f6r megigaz\u00edtja, r\u00e1ngatja a nyakkend\u0151j\u00e9t, rendezgeti a zak\u00f3j\u00e1t, ahelyett, hogy \u00fclne nyugodtan \u00e9s v\u00e1rna.<\/p>\n\n\n\n<p>Az pedig ugye nem lenne t\u00fal nagy elv\u00e1r\u00e1s ennyi politik\u00e1ban \u00e9s nemzetk\u00f6zi diplom\u00e1ciai sz\u00ednt\u00e9ren elt\u00f6lt\u00f6tt \u00e9v ut\u00e1n, hogy kezelni tudjon egy egyszer\u0171 tolm\u00e1cs g\u00e9pet.<\/p>\n\n\n\n<p>\u00dcdv\u00f6zlettel: Egykori h\u00edve, aki \u2013 Br\u00f3dy J\u00e1nos szavaival \u2013 m\u00e9g l\u00e1tta \u00d6nt \u0151szint\u00e9n besz\u00e9lni.<\/p>\n\n\n\n<p><\/p>\n","protected":false},"excerpt":{"rendered":"<p>Tisztelt Minisztereln\u00f6k \u00dar!Azzal a k\u00e9r\u00e9ssel fordulok \u00d6nh\u00f6z, hogy tessen m\u00e1r egy kicsit jobban odafigyelni mag\u00e1ra. Most nem a testfel\u00e9p\u00edt\u00e9s\u00e9r\u0151l van sz\u00f3 hogy fogy\u00f3k\u00far\u00e1zzon, vagy ilyesmi, ha egyszer j\u00f3l megy sora, meg isteni a faszenes grills\u00fct\u0151je, persze, hogy szeret j\u00f3kat enni, ez minimum \u00e9rthet\u0151. Az er\u0151g\u00e9pek \u00e9s fut\u00f3padok v\u00e9gk\u00e9pp nem az \u00d6n vil\u00e1ga. Amikor a minap [&hellip;]<\/p>\n","protected":false},"author":7,"featured_media":0,"comment_status":"closed","ping_status":"closed","sticky":false,"template":"","format":"standard","meta":{"footnotes":""},"categories":[1],"tags":[],"class_list":["post-1055","post","type-post","status-publish","format-standard","hentry","category-nem-kategorizalt"],"_links":{"self":[{"href":"https:\/\/www.jozanesz.hu\/index.php?rest_route=\/wp\/v2\/posts\/1055","targetHints":{"allow":["GET"]}}],"collection":[{"href":"https:\/\/www.jozanesz.hu\/index.php?rest_route=\/wp\/v2\/posts"}],"about":[{"href":"https:\/\/www.jozanesz.hu\/index.php?rest_route=\/wp\/v2\/types\/post"}],"author":[{"embeddable":true,"href":"https:\/\/www.jozanesz.hu\/index.php?rest_route=\/wp\/v2\/users\/7"}],"replies":[{"embeddable":true,"href":"https:\/\/www.jozanesz.hu\/index.php?rest_route=%2Fwp%2Fv2%2Fcomments&post=1055"}],"version-history":[{"count":10,"href":"https:\/\/www.jozanesz.hu\/index.php?rest_route=\/wp\/v2\/posts\/1055\/revisions"}],"predecessor-version":[{"id":1070,"href":"https:\/\/www.jozanesz.hu\/index.php?rest_route=\/wp\/v2\/posts\/1055\/revisions\/1070"}],"wp:attachment":[{"href":"https:\/\/www.jozanesz.hu\/index.php?rest_route=%2Fwp%2Fv2%2Fmedia&parent=1055"}],"wp:term":[{"taxonomy":"category","embeddable":true,"href":"https:\/\/www.jozanesz.hu\/index.php?rest_route=%2Fwp%2Fv2%2Fcategories&post=1055"},{"taxonomy":"post_tag","embeddable":true,"href":"https:\/\/www.jozanesz.hu\/index.php?rest_route=%2Fwp%2Fv2%2Ftags&post=1055"}],"curies":[{"name":"wp","href":"https:\/\/api.w.org\/{rel}","templated":true}]}}