{"id":1074,"date":"2025-11-14T12:30:33","date_gmt":"2025-11-14T11:30:33","guid":{"rendered":"https:\/\/www.jozanesz.hu\/?p=1074"},"modified":"2025-11-20T15:04:40","modified_gmt":"2025-11-20T14:04:40","slug":"barati-latogatas","status":"publish","type":"post","link":"https:\/\/www.jozanesz.hu\/?p=1074","title":{"rendered":"Bar\u00e1ti l\u00e1togat\u00e1s"},"content":{"rendered":"\n<p>Kicsit sz\u00e9gyelltem magam, amikor l\u00e1ttam, hogy orsz\u00e1gunk vezet\u0151 politikusai, a minisztereln\u00f6kkel az \u00e9len, sorban \u00e1llnak Donald Trump asztal\u00e1n\u00e1l az\u00e9rt, hogy az amerikai eln\u00f6k al\u00e1\u00ed\u00adrjon nekik v\u00e1laszt\u00e1si baseball sapk\u00e1kat. Elk\u00e9pzelhetetlen, hogy megtette ugyanezt Angela Merkel vagy Tony Blair. A szervilizmus \u00e9s a szuverenit\u00e1s nem egy t\u0151r\u0151l fakad.<br>Az meg m\u00e1r t\u00e9nyleg r\u00f6hejes volt, hogy Orb\u00e1n Viktor, hazafel\u00e9 a rep\u00fcl\u0151g\u00e9pen egy Donald Trump \u00e1ltal al\u00e1\u00edrt \u00fcdv\u00f6zl\u0151 k\u00e1rty\u00e1val b\u00fcszk\u00e9lkedett. \u00c9rted? Egy \u00fcdv\u00f6zl\u0151 k\u00e1rty\u00e1val. Mint a gyerekek a Burger Kingben, amikor kapnak egy pap\u00ed\u00adr koron\u00e1t \u00e9s kir\u00e1lynak k\u00e9pzelik magukat.<br>Kiz\u00e1r\u00f3lag a p\u00e9nteki Kossuth r\u00e1di\u00f3s minisztereln\u00f6ki \u00e1linterj\u00fakb\u00f3l t\u00e1j\u00e9koz\u00f3d\u00f3 ember nyilv\u00e1n hatalmas sikerk\u00e9nt tekint a washingtoni tal\u00e1lkoz\u00f3ra. A mi Vez\u00e9r\u00fcnk kiment \u00e9s megmentett minket a katasztr\u00f3f\u00e1t\u00f3l. Rog\u00e1n\u00e9k megint kiv\u00e1l\u00f3 propaganda munk\u00e1t v\u00e9geztek.<\/p>\n\n\n\n<p>Amennyit a h\u00ed\u00adrad\u00e1sok r\u00e9szletesebb tanulm\u00e1nyoz\u00e1sa \u00e9s a minisztereln\u00f6ki ATV-s interj\u00fa ut\u00e1n tudni lehet, nagyj\u00e1b\u00f3l \u00e9s eg\u00e9sz\u00e9b\u0151l ez t\u00f6rt\u00e9nt:<\/p>\n\n\n\n<p>Orb\u00e1n telefonon besz\u00e9lt Trumppal \u00e9s elmondta, amit el\u0151z\u0151leg kital\u00e1ltak, hogy az\u00e9rt k\u00e9r\u00fcnk mentess\u00e9get a behozatali szankci\u00f3k al\u00f3l, mert nincs tenger\u00fcnk, nincs kik\u00f6t\u0151nk, nem tudjuk m\u00e1shonnan beszerezni a g\u00e1zt meg az olajat, kiz\u00e1r\u00f3lag csak az oroszokt\u00f3l. Ez csak egy a rengeteg \u00e1ll\u00ed\u00adt\u00e1s k\u00f6z\u00fcl, amir\u0151l j\u00f3l tudj\u00e1k, hogy nem lehet ellen\u0151rizni. Ha a horv\u00e1tok azt mondj\u00e1k, hogy \u0151k bizony tudn\u00e1nak elegend\u0151 olajat sz\u00e1ll\u00ed\u00adtani a magyaroknak, akkor erre a magyarok azt mondj\u00e1k, hogy ez nem igaz. Ha a Telex dokumentumokkal igazolja, hogy \u0151k csak a bev\u00e9teleik 10%-\u00e1t fedezik k\u00fclf\u00f6ldi p\u00e1ly\u00e1zatok \u00fatj\u00e1n, akkor Orb\u00e1n egyszer\u0171en azt mondja, hogy ez nem igaz, mert Soros emberei. \u00c9s punktum. Aki nem hiszi, j\u00e1rjon ut\u00e1na. Sz\u00f3val besz\u00e9lt a k\u00e9t eln\u00f6k telefonon, elhangoztak az \u00e9rveink, amit akkor \u00fagy t\u0171nt, az amerikai vezet\u0151 akcept\u00e1lt. Egy interj\u00faban v\u00e9delm\u00e9be vette magyarorsz\u00e1got, \u00e9s elmondta, amit Orb\u00e1nt\u00f3l hallott, a magyaroknak nincs tenger\u00fck, szor\u00ed\u00adt a k\u00e9nyszer, dr\u00e1ga, sat\u00f6bbi. Azt\u00e1n a Trump-Putyin tal\u00e1lkoz\u00f3 elhalaszt\u00e1sa ut\u00e1n egyszer csak Trump hirtelen azt nyilatkozta, hogy k\u00e9rt az \u0151 bar\u00e1tja mentess\u00e9get, de nem kapta meg. Ezzel utat nyitott annak, hogy Orb\u00e1n Washingtonban utazhasson, \u00e9s nagy diadallal elint\u00e9zze, hogy m\u00e9gis kapjunk. Tiszta cirkusz. Oll\u00e9!!<br>Ami ezut\u00e1n t\u00f6rt\u00e9nt, az meglehet\u0151sen ritka a diplom\u00e1ci\u00e1ban.<br>Olyan meg\u00e1llapod\u00e1sok sz\u00fclettek \u2013 ha sz\u00fclettek \u2013 amikr\u0151l nincs szerz\u0151d\u00e9s, nincs sz\u00e1nd\u00e9knyilatkozat, nincs pap\u00ed\u00adr, csak mendemond\u00e1k, amelyeket mindenki m\u00e1sk\u00e9pp \u00e9rtelmez. M\u00e9g haza sem \u00e9rt a magyar deleg\u00e1ci\u00f3 Amerik\u00e1b\u00f3l, amikor ellent\u00e9tes \u00e1ll\u00ed\u00adt\u00e1sok l\u00e1ttak napvil\u00e1got. A nyugati sajt\u00f3 feh\u00e9rh\u00e1zi forr\u00e1sokra hivatkozva meg\u00ed\u00adrta, hogy a magyarok 1 \u00e9vre kaptak mentess\u00e9get, a magyar minisztereln\u00f6k \u00e9s a k\u00fcl\u00fcgyminiszter viszont v\u00e1ltig ragaszkodott ahhoz, hogy id\u0151korl\u00e1t n\u00e9lk\u00fcli a mentess\u00e9g. \u00c9s am\u00ed\u00adg a magyar vezet\u00e9s napokon kereszt\u00fcl g\u00f6rcs\u00f6sen ragaszkodott a saj\u00e1t verzi\u00f3j\u00e1hoz, \u00e1lh\u00ed\u00adreket \u00e9s f\u00e9lrevezet\u00e9st ki\u00e1ltott, addig p\u00e1r nap alatt eljutottak oda, hogy az id\u0151korl\u00e1t n\u00e9lk\u00fcli meg\u00e1llapod\u00e1s addig sz\u00f3l, ameddig Orb\u00e1n a minisztereln\u00f6k. Mint egy csodal\u00e1mpa. Vil\u00e1g\u00edt is, meg minden k\u00edv\u00e1ns\u00e1godat teljes\u00edti.<\/p>\n\n\n\n<p>A R\u00f3nai Egonnal k\u00e9sz\u00ed\u00adtett interj\u00faban Orb\u00e1n elmondta, hogy Trump egy k\u0151kem\u00e9ny \u00fczletember, vele nem lehet ravaszkodni. R\u00f3nai megk\u00e9rdezte Orb\u00e1nt, hogy mit k\u00e9rt Trump cser\u00e9be a mentess\u00e9g\u00e9rt. Semmit \u2013 hangzott a v\u00e1lasz. Teh\u00e1t Trump a k\u0151kem\u00e9ny \u00fczletember, aki ingyen osztogat b\u00e1rmit. Annyira hihetetlen, hogy nem is lehet igaz. Az internetes h\u00edrad\u00e1sok szerint nagyon sok milli\u00e1rdba ker\u00fclt nek\u00fcnk ez a bar\u00e1ti l\u00e1togat\u00e1s.<\/p>\n\n\n\n<p>Ha a gazdas\u00e1got tudn\u00e1 a korm\u00e1ny olyan szinten navig\u00e1lni, mint a kommunik\u00e1ci\u00f3t, m\u00e1r magunk m\u00f6g\u00f6tt tudhatn\u00e1nk Ausztri\u00e1t.<\/p>\n","protected":false},"excerpt":{"rendered":"<p>Kicsit sz\u00e9gyelltem magam, amikor l\u00e1ttam, hogy orsz\u00e1gunk vezet\u0151 politikusai, a minisztereln\u00f6kkel az \u00e9len, sorban \u00e1llnak Donald Trump asztal\u00e1n\u00e1l az\u00e9rt, hogy az amerikai eln\u00f6k al\u00e1\u00ed\u00adrjon nekik v\u00e1laszt\u00e1si baseball sapk\u00e1kat. Elk\u00e9pzelhetetlen, hogy megtette ugyanezt Angela Merkel vagy Tony Blair. A szervilizmus \u00e9s a szuverenit\u00e1s nem egy t\u0151r\u0151l fakad.Az meg m\u00e1r t\u00e9nyleg r\u00f6hejes volt, hogy Orb\u00e1n Viktor, hazafel\u00e9 [&hellip;]<\/p>\n","protected":false},"author":7,"featured_media":0,"comment_status":"closed","ping_status":"closed","sticky":false,"template":"","format":"standard","meta":{"footnotes":""},"categories":[1],"tags":[],"class_list":["post-1074","post","type-post","status-publish","format-standard","hentry","category-nem-kategorizalt"],"_links":{"self":[{"href":"https:\/\/www.jozanesz.hu\/index.php?rest_route=\/wp\/v2\/posts\/1074","targetHints":{"allow":["GET"]}}],"collection":[{"href":"https:\/\/www.jozanesz.hu\/index.php?rest_route=\/wp\/v2\/posts"}],"about":[{"href":"https:\/\/www.jozanesz.hu\/index.php?rest_route=\/wp\/v2\/types\/post"}],"author":[{"embeddable":true,"href":"https:\/\/www.jozanesz.hu\/index.php?rest_route=\/wp\/v2\/users\/7"}],"replies":[{"embeddable":true,"href":"https:\/\/www.jozanesz.hu\/index.php?rest_route=%2Fwp%2Fv2%2Fcomments&post=1074"}],"version-history":[{"count":8,"href":"https:\/\/www.jozanesz.hu\/index.php?rest_route=\/wp\/v2\/posts\/1074\/revisions"}],"predecessor-version":[{"id":1085,"href":"https:\/\/www.jozanesz.hu\/index.php?rest_route=\/wp\/v2\/posts\/1074\/revisions\/1085"}],"wp:attachment":[{"href":"https:\/\/www.jozanesz.hu\/index.php?rest_route=%2Fwp%2Fv2%2Fmedia&parent=1074"}],"wp:term":[{"taxonomy":"category","embeddable":true,"href":"https:\/\/www.jozanesz.hu\/index.php?rest_route=%2Fwp%2Fv2%2Fcategories&post=1074"},{"taxonomy":"post_tag","embeddable":true,"href":"https:\/\/www.jozanesz.hu\/index.php?rest_route=%2Fwp%2Fv2%2Ftags&post=1074"}],"curies":[{"name":"wp","href":"https:\/\/api.w.org\/{rel}","templated":true}]}}