{"id":1499,"date":"2026-04-25T09:16:15","date_gmt":"2026-04-25T08:16:15","guid":{"rendered":"https:\/\/www.jozanesz.hu\/?p=1499"},"modified":"2026-04-26T14:44:31","modified_gmt":"2026-04-26T13:44:31","slug":"valaszolok-en-te-meg-varrjal-ra-gombot","status":"publish","type":"post","link":"https:\/\/www.jozanesz.hu\/?p=1499","title":{"rendered":"V\u00e1laszolok, te meg varrj\u00e1l r\u00e1 gombot!"},"content":{"rendered":"\n<p>A v\u00e1laszt\u00e1si veres\u00e9g ut\u00e1n m\u00e1sf\u00e9l h\u00e9ttel Sz\u00edjj\u00e1rt\u00f3 P\u00e9ter k\u00fcl\u00fcgyminiszter interj\u00fat adott a Telexnek, ami iskola p\u00e9ld\u00e1ja volt a mell\u00e9besz\u00e9l\u00e9snek, a k\u00e9rd\u00e9sek al\u00f3li kib\u00faj\u00e1soknak. Minden taktik\u00e1t bevetett, amit a politikai kommunik\u00e1ci\u00f3ban haszn\u00e1lnak a k\u00e9rd\u00e9sekre adott konkr\u00e9t v\u00e1laszok elker\u00fcl\u00e9s\u00e9re.<\/p>\n\n\n\n<p><strong>\u2013 \u00d6n\u00f6k milli\u00e1rdosok? \u2013 k\u00e9rdezi a riporter.<\/strong><br>Sz\u00edjj\u00e1rt\u00f3 azonnal visszak\u00e9rdez \u00e9s ugyanazzal a lend\u00fclettel \u00e1talak\u00edtja a k\u00e9rd\u00e9st: Hogy van-e otthon egymilli\u00e1rdunk? Nincs. Remek. Milli\u00e1rdokat t\u00e9nyleg nem szok\u00e1s a cukrosdobozban tartani. Vagy \u00fagy is lehet igaz a v\u00e1lasz, hogy nem, nincs egymilli\u00e1rdunk, mert nyolcmilli\u00e1rdunk van. Ezt nem fejtette ki. De a k\u00e9rd\u00e9s nem az volt, hogy van-e egymilli\u00e1rd otthon, hanem az, hogy Sz\u00edjj\u00e1rt\u00f3\u00e9k milli\u00e1rdosok-e? Erre nem v\u00e1laszolt, azt fejtegette, hogy a csal\u00e1di kassz\u00e1ban nincsenek milli\u00e1rdok. A riporternek nem siker\u00fclt, de tal\u00e1n egy alapos vizsg\u00e1lat a j\u00f6v\u0151ben kider\u00edti, hogy vannak-e milli\u00e1rdok Sz\u00edjj\u00e1rt\u00f3\u00e9k birtok\u00e1ban. Pontosan mennyi \u00e9s hol.<\/p>\n\n\n\n<p><strong>Riporter: Tart att\u00f3l, hogy az \u00d6n gyerekeit besorozhatj\u00e1k?<\/strong> <br>\u2013 &#8222;Sajnos azt kell mondjam \u00d6nnek, hogy nem egy v\u00e9gletekig a val\u00f3s\u00e1gt\u00f3l elrugaszkodott megk\u00f6zel\u00edt\u00e9s.&#8221;<br>Ez a v\u00e1lasz is a klasszikus politikai&nbsp;mell\u00e9besz\u00e9l\u00e9<strong>s&nbsp;<\/strong>\u00e9s a&nbsp;k\u00e9t\u00e9rtelm\u0171s\u00e9g. Ha leford\u00edtjuk h\u00e9tk\u00f6znapi, \u201eemberi\u201d nyelvre, az al\u00e1bbiakat jelenti<strong> \u201eVan r\u00e1 es\u00e9ly, de nem t\u00fal sok.\u201d<\/strong><br>De mi\u00e9rt mondta \u00edgy? <br><strong>A felel\u0151ss\u00e9g h\u00e1r\u00edt\u00e1sa:&nbsp;<\/strong>Ahelyett, hogy azt mondan\u00e1, <em>\u201eszerintem lesz\u201d<\/em>, azt mondja:<em> \u201enem egy v\u00e9gletekig elrugaszkodott megk\u00f6zel\u00edt\u00e9s\u201d.<\/em> Ezzel nem \u0151 \u00e1ll\u00edt valamit, hanem a k\u00e9rdez\u0151 felvet\u00e9s\u00e9t min\u0151s\u00edti \u201elehets\u00e9gesnek\u201d. Ha v\u00e9g\u00fcl m\u00e9gsem lesz h\u00e1bor\u00fa, b\u00e1rmikor mondhatja:&nbsp;<em>\u201e\u00c9n nem mondtam, hogy lesz, csak azt, hogy a felvet\u00e9s nem volt irre\u00e1lis.\u201d<\/em><br><strong>Dupla tagad\u00e1s a bizonytalans\u00e1g\u00e9rt:<\/strong>&nbsp;A \u201enem v\u00e9gletekig elrugaszkodott\u201d szerkezet sokkal \u00f3vatosabb, mint az, hogy \u201ere\u00e1lis\u201d. Ez egy biztons\u00e1gi j\u00e1t\u00e9k: vesz\u00e9lyt jelez, de nem k\u00f6telez\u0151dik el mellette.<br><strong>Tekint\u00e9lyt parancsol\u00f3 k\u00f6rmondat:<\/strong>&nbsp;A bonyolult megfogalmaz\u00e1s azt a l\u00e1tszatot kelti, mintha a v\u00e1laszad\u00f3 m\u00e9lyebb, szakmai \u00f6sszef\u00fcgg\u00e9seket l\u00e1tna, amiket mi nem, ez\u00e9rt nem tud egyszer\u0171 igennel vagy nemmel felelni. A v\u00e1lasz arra k\u00e9sz\u00edti fel a hallgat\u00f3s\u00e1got, hogy a h\u00e1bor\u00fa benne van a pakliban, de k\u00f6zben nyitva hagy mag\u00e1nak egy kiskaput, hogy k\u00e9s\u0151bb ne lehessen sz\u00e1monk\u00e9rni a j\u00f3slat\u00e1\u00e9rt. A fiainak pedig az\u00e9rt nem besz\u00e9l arr\u00f3l hogy elvihetik \u0151ket katon\u00e1nak, mert otthon nem politiz\u00e1lnak. A h\u00e1bor\u00fas fenyeget\u00e9s meg az otthoni besz\u00e9lget\u00e9sek a politik\u00e1r\u00f3l egym\u00e1st\u00f3l m\u00e9rhetetlen\u00fcl messze l\u00e9v\u0151 kateg\u00f3ri\u00e1k. Arr\u00f3l m\u00e1r ne is besz\u00e9lj\u00fcnk, hogy sokmilli\u00e1rdos nagys\u00e1grend\u0171 kamp\u00e1nyt fel\u00e9p\u00edteni \u00e9s lebonyol\u00edtani valamir\u0151l, amir\u0151l tudom, hogy kev\u00e9ss\u00e9 van r\u00e1 es\u00e9ly, ahhoz el\u00e9g elvetem\u00fcltnek kell lenni.<\/p>\n\n\n\n<p><strong>A feles\u00e9g<\/strong><br>Sz\u00edjj\u00e1rt\u00f3 feles\u00e9ge egy olyan c\u00e9get vezet, melynek a nyeres\u00e9gtermel\u0151 k\u00e9pess\u00e9ge h\u00e1romszorosa a piacon l\u00e9v\u0151 hasonl\u00f3 c\u00e9geknek. \u00c9vente \u00e1tlag 500 milli\u00f3t vesz ki a c\u00e9gb\u0151l. Sz\u00edjj\u00e1rt\u00f3 err\u0151l nem tud semmit. Nem, hogy nem dics\u00e9rte meg a feles\u00e9g\u00e9t, ami\u00e9rt ontotta haza a p\u00e9nzt, hanem igaz\u00e1n nem is tudott r\u00f3la. Melyik a nagyobb teljes\u00edtm\u00e9ny: a feles\u00e9g\u00e9 aki \u00e9vi 500 milli\u00f3t lap\u00e1tol haza, vagy a f\u00e9rj\u00e9, aki megpr\u00f3b\u00e1lja a n\u00e9z\u0151kkel elhitetni, hogy \u0151 err\u0151l nem tud semmit, mert ezekbe a dolgokba nem folyik bele. Van neki \u00e9ppen el\u00e9g baja. Ezt a f\u0151n\u00f6k\u00e9t\u0151l tanulhatta, minden csal\u00e1s \u00e9s korrrupci\u00f3gyan\u00fas \u00fcgy felvet\u00e9s\u00e9t azzal h\u00e1r\u00edtja, hogy \u00fczlei \u00fcgyekkel nem foglalkozik. \u00c9s a gyerekek sem \u00fctik bele az orrukat a sz\u00fcleik dolg\u00e1ba. Ez\u00e9rt nem tud semmit Hatvanpuszt\u00e1r\u00f3l.<\/p>\n\n\n\n<p><strong>Magabiztos k\u00e9ptelens\u00e9g<\/strong><br>\u2013 \u00c9n Rog\u00e1n Antalt 28 \u00e9ve ismerem. \u00c9s Rog\u00e1n Antalt nem \u00fagy ismerem, mint aki b\u00e1rki ellen is gy\u0171l\u00f6letet akar kelteni. Mondja ezt arr\u00f3l az emberr\u0151l, aki gy\u0171l\u00f6letkelt\u0151, lej\u00e1rat\u00f3 \u00e9s karaktergyilkos kamp\u00e1nyok sorozat\u00e1nak szellemi \u00e9s gyakorlati vezet\u0151je k\u00f6zel egy \u00e9vtizede.<\/p>\n\n\n\n<p>Tulajdonk\u00e9ppen az eg\u00e9sz interj\u00fa ebben a szellemben zajlott. Nagyon hossz\u00fa volt \u00e9s azon k\u00edv\u0171l, hogy Sz\u00edjj\u00e1rt\u00f3 remek\u00fcl alkalmazza a v\u00e1lasz elker\u00fcl\u0151 taktik\u00e1kat, nem tudtunk meg semmi \u00e9rdemlegeset. Nem b\u00e1nt meg semmit, h\u00e1r\u00edtott, a r\u00e9gi, megszokott kommunik\u00e1ci\u00f3s paneleket haszn\u00e1lta. \u0150 ennyit tud.<\/p>\n\n\n\n<p><\/p>\n","protected":false},"excerpt":{"rendered":"<p>A v\u00e1laszt\u00e1si veres\u00e9g ut\u00e1n m\u00e1sf\u00e9l h\u00e9ttel Sz\u00edjj\u00e1rt\u00f3 P\u00e9ter k\u00fcl\u00fcgyminiszter interj\u00fat adott a Telexnek, ami iskola p\u00e9ld\u00e1ja volt a mell\u00e9besz\u00e9l\u00e9snek, a k\u00e9rd\u00e9sek al\u00f3li kib\u00faj\u00e1soknak. Minden taktik\u00e1t bevetett, amit a politikai kommunik\u00e1ci\u00f3ban haszn\u00e1lnak a k\u00e9rd\u00e9sekre adott konkr\u00e9t v\u00e1laszok elker\u00fcl\u00e9s\u00e9re. \u2013 \u00d6n\u00f6k milli\u00e1rdosok? \u2013 k\u00e9rdezi a riporter.Sz\u00edjj\u00e1rt\u00f3 azonnal visszak\u00e9rdez \u00e9s ugyanazzal a lend\u00fclettel \u00e1talak\u00edtja a k\u00e9rd\u00e9st: Hogy van-e [&hellip;]<\/p>\n","protected":false},"author":7,"featured_media":0,"comment_status":"closed","ping_status":"closed","sticky":false,"template":"","format":"standard","meta":{"footnotes":""},"categories":[1],"tags":[],"class_list":["post-1499","post","type-post","status-publish","format-standard","hentry","category-nem-kategorizalt"],"_links":{"self":[{"href":"https:\/\/www.jozanesz.hu\/index.php?rest_route=\/wp\/v2\/posts\/1499","targetHints":{"allow":["GET"]}}],"collection":[{"href":"https:\/\/www.jozanesz.hu\/index.php?rest_route=\/wp\/v2\/posts"}],"about":[{"href":"https:\/\/www.jozanesz.hu\/index.php?rest_route=\/wp\/v2\/types\/post"}],"author":[{"embeddable":true,"href":"https:\/\/www.jozanesz.hu\/index.php?rest_route=\/wp\/v2\/users\/7"}],"replies":[{"embeddable":true,"href":"https:\/\/www.jozanesz.hu\/index.php?rest_route=%2Fwp%2Fv2%2Fcomments&post=1499"}],"version-history":[{"count":18,"href":"https:\/\/www.jozanesz.hu\/index.php?rest_route=\/wp\/v2\/posts\/1499\/revisions"}],"predecessor-version":[{"id":1523,"href":"https:\/\/www.jozanesz.hu\/index.php?rest_route=\/wp\/v2\/posts\/1499\/revisions\/1523"}],"wp:attachment":[{"href":"https:\/\/www.jozanesz.hu\/index.php?rest_route=%2Fwp%2Fv2%2Fmedia&parent=1499"}],"wp:term":[{"taxonomy":"category","embeddable":true,"href":"https:\/\/www.jozanesz.hu\/index.php?rest_route=%2Fwp%2Fv2%2Fcategories&post=1499"},{"taxonomy":"post_tag","embeddable":true,"href":"https:\/\/www.jozanesz.hu\/index.php?rest_route=%2Fwp%2Fv2%2Ftags&post=1499"}],"curies":[{"name":"wp","href":"https:\/\/api.w.org\/{rel}","templated":true}]}}