{"id":1707,"date":"2026-09-01T08:44:50","date_gmt":"2026-09-01T07:44:50","guid":{"rendered":"https:\/\/www.jozanesz.hu\/?p=1707"},"modified":"2026-09-01T08:44:50","modified_gmt":"2026-09-01T07:44:50","slug":"kattan-a-bilincs-de-mikor","status":"publish","type":"post","link":"https:\/\/www.jozanesz.hu\/?p=1707","title":{"rendered":"Kattan a bilincs, de mikor?"},"content":{"rendered":"\n<p>Az elm\u00falt 16 \u00e9vben az orsz\u00e1g vezet\u0151 politikai \u00e9s gazdas\u00e1gi szerepl\u0151i sz\u00e1mtalan gal\u00e1ds\u00e1got k\u00f6vettek el. Jogosan v\u00e1rj\u00e1k az emberek, hogy a Tisza v\u00e9grehajtsa a be\u00edg\u00e9rt sz\u00e1monk\u00e9r\u00e9st. <br>De. \u00c9s mint tudjuk, a l\u00e9nyeg mindig a de ut\u00e1n k\u00f6vetkezik.<\/p>\n\n\n\n<p>Hogyan k\u00e9pzelik el azok a sz\u00e1monk\u00e9r\u00e9st, akik azonnali letart\u00f3ztat\u00e1sokat, b\u00edr\u00f3s\u00e1gi \u00edt\u00e9leteket v\u00e1rnak? Hiszen pontosan azt a jog\u00e1llamot kellene a Tisz\u00e1nak vissza\u00e9pteni, amelyet az Orb\u00e1n korm\u00e1ny olyan f\u00e1rads\u00e1got nem k\u00edm\u00e9l\u0151 munk\u00e1val megpr\u00f3b\u00e1lt lerombolni. <\/p>\n\n\n\n<p>Meglep\u0151 lehet, de a magyar b\u00edr\u00f3s\u00e1gok az uni\u00f3s \u00e1tlaghoz k\u00e9pest kifejezetten gyorsak:<br>a polg\u00e1ri \u00e9s kereskedelmi peres \u00fcgyekn\u00e9l kb. 140 nap a becs\u00fclt lez\u00e1r\u00e1si id\u0151; k\u00f6zigazgat\u00e1si \u00fcgyekn\u00e9l ez kb. 131 nap. Teh\u00e1t egy viszonylag egyszer\u0171 \u00fcgy is eltart legal\u00e1bb 4-5 h\u00f3napig. <\/p>\n\n\n\n<p>Nagy visszhangot keltett a Nemzeti Vagyonvisszaszerz\u00e9si \u00e9s Vagyonv\u00e9delmi Hivatal frissen kinevezett vezet\u0151j\u00e9nek, Unger Ann\u00e1nak azon kijelent\u00e9se, hogy botors\u00e1g lenne azt v\u00e1rni, hogy jelent\u0151s \u00fcgyekben 6 \u00e9vn\u00e9l hamarabb legyenek b\u00edr\u00f3s\u00e1gi \u00edt\u00e9letek. Nagyon sokan nyilv\u00e1n nem ezt akart\u00e1k hallani. Vannak, akik ebb\u0151l r\u00f6gt\u00f6n azt az \u2013 egy\u00e9bk\u00e9nt szerintem t\u00e9ves \u2013 k\u00f6vetkeztet\u00e9st vont\u00e1k le, hogy most is, mint eddig is, elmarad az elsz\u00e1moltat\u00e1s. <\/p>\n\n\n\n<p>Rem\u00e9lem nem. A t\u00f6rv\u00e9nyeket be kell tartani. A hat\u00f3s\u00e1goknak is, a politikusoknak is, a b\u00edr\u00f3s\u00e1goknak is. Igaza van Ungernek: nem lehet pof\u00e1ra odamenni valakihez, hogy j\u00f6jj\u00f6n velem. Mert az t\u00f6rv\u00e9nys\u00e9rt\u0151 lenne, \u00e9s pont az ilyen t\u00f6rv\u00e9nys\u00e9rt\u00e9seket k\u00e9rj\u00fck sz\u00e1mon az el\u0151z\u0151 korm\u00e1nyon. <\/p>\n\n\n\n<p>Amikor kiv\u00e1lasztott\u00e1k a NVVH vezet\u0151j\u00e9t, az sz\u00f3lt mellette, hogy k\u00e9pesnek tartott\u00e1k a rendszerszint\u0171 korrupci\u00f3s \u00f6sszef\u00fcgg\u00e9sek felt\u00e1r\u00e1s\u00e1ra. Ebben seg\u00edts\u00e9g\u00e9re lehet az a Ligeti Mikl\u00f3s, aki szint\u00e9n jel\u00f6lt volt az NVVH \u00e9l\u00e9re, \u0151 a Transparency International Magyarorsz\u00e1g jogi vezet\u0151jek\u00e9nt ink\u00e1bb a konkr\u00e9t \u00fcgyek felder\u00edt\u00e9s\u00e9ben szerzett nagy tapasztalatot. Remek \u00e9s hat\u00e9kony egy\u00fcttm\u0171k\u00f6d\u00e9s lehet bel\u0151le.<\/p>\n\n\n\n<p>Mi pedig \u00e9rj\u00fck be annyival, hogy m\u00e1r a b\u00fcntet\u0151elj\u00e1r\u00e1s nyomozati szakasz\u00e1ban lehet olyan helyzetet teremteni, amely vagyonbiztos\u00edt\u00e1si int\u00e9zked\u00e9shez vezet, le lehet foglalni banksz\u00e1ml\u00e1kat, ingatlanokat, yachtokat. Az NVVH \u00e1ltal felt\u00e1rt bizony\u00edt\u00e9kok szolg\u00e1lhatnak alapul letart\u00f3ztat\u00e1sokhoz, de mag\u00e1t a szem\u00e9lyi k\u00e9nyszerint\u00e9zked\u00e9seket kiz\u00e1r\u00f3lag a b\u00fcntet\u0151elj\u00e1r\u00e1s szab\u00e1lyai szerint lehet csak elrendelni. Ezt minden t\u00f6rv\u00e9nytisztel\u0151 \u00e1llampolg\u00e1rnak tudom\u00e1sul kell venni.<\/p>\n\n\n\n<p><\/p>\n","protected":false},"excerpt":{"rendered":"<p>Az elm\u00falt 16 \u00e9vben az orsz\u00e1g vezet\u0151 politikai \u00e9s gazdas\u00e1gi szerepl\u0151i sz\u00e1mtalan gal\u00e1ds\u00e1got k\u00f6vettek el. Jogosan v\u00e1rj\u00e1k az emberek, hogy a Tisza v\u00e9grehajtsa a be\u00edg\u00e9rt sz\u00e1monk\u00e9r\u00e9st. De. \u00c9s mint tudjuk, a l\u00e9nyeg mindig a de ut\u00e1n k\u00f6vetkezik. Hogyan k\u00e9pzelik el azok a sz\u00e1monk\u00e9r\u00e9st, akik azonnali letart\u00f3ztat\u00e1sokat, b\u00edr\u00f3s\u00e1gi \u00edt\u00e9leteket v\u00e1rnak? Hiszen pontosan azt a jog\u00e1llamot kellene [&hellip;]<\/p>\n","protected":false},"author":7,"featured_media":0,"comment_status":"closed","ping_status":"closed","sticky":false,"template":"","format":"standard","meta":{"footnotes":""},"categories":[1],"tags":[],"class_list":["post-1707","post","type-post","status-publish","format-standard","hentry","category-nem-kategorizalt"],"_links":{"self":[{"href":"https:\/\/www.jozanesz.hu\/index.php?rest_route=\/wp\/v2\/posts\/1707","targetHints":{"allow":["GET"]}}],"collection":[{"href":"https:\/\/www.jozanesz.hu\/index.php?rest_route=\/wp\/v2\/posts"}],"about":[{"href":"https:\/\/www.jozanesz.hu\/index.php?rest_route=\/wp\/v2\/types\/post"}],"author":[{"embeddable":true,"href":"https:\/\/www.jozanesz.hu\/index.php?rest_route=\/wp\/v2\/users\/7"}],"replies":[{"embeddable":true,"href":"https:\/\/www.jozanesz.hu\/index.php?rest_route=%2Fwp%2Fv2%2Fcomments&post=1707"}],"version-history":[{"count":1,"href":"https:\/\/www.jozanesz.hu\/index.php?rest_route=\/wp\/v2\/posts\/1707\/revisions"}],"predecessor-version":[{"id":1708,"href":"https:\/\/www.jozanesz.hu\/index.php?rest_route=\/wp\/v2\/posts\/1707\/revisions\/1708"}],"wp:attachment":[{"href":"https:\/\/www.jozanesz.hu\/index.php?rest_route=%2Fwp%2Fv2%2Fmedia&parent=1707"}],"wp:term":[{"taxonomy":"category","embeddable":true,"href":"https:\/\/www.jozanesz.hu\/index.php?rest_route=%2Fwp%2Fv2%2Fcategories&post=1707"},{"taxonomy":"post_tag","embeddable":true,"href":"https:\/\/www.jozanesz.hu\/index.php?rest_route=%2Fwp%2Fv2%2Ftags&post=1707"}],"curies":[{"name":"wp","href":"https:\/\/api.w.org\/{rel}","templated":true}]}}