{"id":895,"date":"2025-03-04T09:16:01","date_gmt":"2025-03-04T08:16:01","guid":{"rendered":"http:\/\/www.jozanesz.hu\/?p=895"},"modified":"2025-03-04T09:16:01","modified_gmt":"2025-03-04T08:16:01","slug":"a-nagy-amerikai-fordulat","status":"publish","type":"post","link":"https:\/\/www.jozanesz.hu\/?p=895","title":{"rendered":"A nagy amerikai fordulat"},"content":{"rendered":"\n<p>Az USA Biden eln\u00f6ks\u00e9ge alatt eg\u00e9szen 2025 elej\u00e9ig t\u00e1mogatta az ukr\u00e1nok harc\u00e1t az oroszokkal szemben. Valahogy \u00edgy volt term\u00e9szetes, az USA ki\u00e1ll a megt\u00e1madott orsz\u00e1g mellett. Azt\u00e1n j\u00f6tt Trump \u00e9s nagyot v\u00e1ltozott a hozz\u00e1\u00e1ll\u00e1s. Trumpot nem \u00e9rdeklik az olyan av\u00edtt dolgok, mint moralit\u00e1s, becs\u00fclet, ki\u00e1ll\u00e1s az \u00e1ldozat mellett. Egy vez\u00e9rl\u0151elv van: hol a l\u00f3v\u00e9? Hogyan lehet nagyot kasz\u00e1lni? Meg\u00fczente az ukr\u00e1n eln\u00f6knek, hogy a seg\u00edts\u00e9g\u00e9rt cser\u00e9be elv\u00e1r ezt-azt. P\u00e9ld\u00e1ul, hogy Ukrajna adjon \u00e1t Amerik\u00e1nak 350 milli\u00e1rd doll\u00e1r \u00e9rt\u00e9k\u0171 ritkaf\u00f6ldf\u00e9met. (Els\u0151re 500 milli\u00e1rdot mondott, de ez m\u00e9g a saj\u00e1t embereinek is t\u00falz\u00e1s volt.) Ahhoz k\u00e9pest, hogy az amerikaiak a korm\u00e1nyzati adataik szerint kb. 180 milli\u00e1rd doll\u00e1r seg\u00e9lyt szavaztak meg Ukrajn\u00e1nak, amib\u0151l t\u00e9nylegesen 83-84 milli\u00e1rd doll\u00e1rt fizettek ki, nem t\u0171nik rossz \u00fczletnek a n\u00e9gyszeres\u00e9t visszak\u00e9rni. Az ukr\u00e1nok m\u00e9g ezt is elfogadt\u00e1k volna, m\u00e1r meg is volt a d\u00e1tum \u00e9s a helysz\u00edn, ahol a meg\u00e1llapod\u00e1st al\u00e1\u00edrj\u00e1k (Washington).<\/p>\n\n\n\n<p>Azt\u00e1n k\u00f6vetkezett egy olyan diplom\u00e1ciai megbesz\u00e9l\u00e9s, amilyet nem l\u00e1tott m\u00e9g a vil\u00e1g. Az amerikai eln\u00f6k szab\u00e1ly szer\u0171en let\u00e1madta az ukr\u00e1n eln\u00f6k\u00f6t, kiab\u00e1lt vele, elhallgattatta, s\u00e9rtegette, egy\u00e1ltal\u00e1n nem \u00fagy viselkedett, mint aki b\u00e1rmiben is szeretne meg\u00e1llapodni. Nem is lett az eg\u00e9szb\u0151l semmi.<\/p>\n\n\n\n<p>Mi t\u00f6rt\u00e9nhetett? Csak tal\u00e1lgatni lehet. Mivel Putyin megtudta, hogy mire f\u00e1j az amerikaiak foga Ukrajn\u00e1ban, nem-e r\u00e1\u00edg\u00e9rt az ukr\u00e1nok aj\u00e1nlat\u00e1ra? Kellenek nektek a ritkaf\u00f6ldf\u00e9mek? \u00c1ll\u00edts\u00e1tok le Ukrajna t\u00e1mogat\u00e1s\u00e1t \u00e9s ha elfoglaljuk Ukrajn\u00e1t, nektek adjuk az eg\u00e9szet. Ingyen. <\/p>\n\n\n\n<p>Rem\u00e9lem nem ennek a gal\u00e1ds\u00e1gnak vagyunk a szemtan\u00fai.<\/p>\n","protected":false},"excerpt":{"rendered":"<p>Az USA Biden eln\u00f6ks\u00e9ge alatt eg\u00e9szen 2025 elej\u00e9ig t\u00e1mogatta az ukr\u00e1nok harc\u00e1t az oroszokkal szemben. Valahogy \u00edgy volt term\u00e9szetes, az USA ki\u00e1ll a megt\u00e1madott orsz\u00e1g mellett. Azt\u00e1n j\u00f6tt Trump \u00e9s nagyot v\u00e1ltozott a hozz\u00e1\u00e1ll\u00e1s. Trumpot nem \u00e9rdeklik az olyan av\u00edtt dolgok, mint moralit\u00e1s, becs\u00fclet, ki\u00e1ll\u00e1s az \u00e1ldozat mellett. Egy vez\u00e9rl\u0151elv van: hol a l\u00f3v\u00e9? Hogyan [&hellip;]<\/p>\n","protected":false},"author":7,"featured_media":0,"comment_status":"closed","ping_status":"closed","sticky":false,"template":"","format":"standard","meta":{"footnotes":""},"categories":[1],"tags":[],"class_list":["post-895","post","type-post","status-publish","format-standard","hentry","category-nem-kategorizalt"],"_links":{"self":[{"href":"https:\/\/www.jozanesz.hu\/index.php?rest_route=\/wp\/v2\/posts\/895","targetHints":{"allow":["GET"]}}],"collection":[{"href":"https:\/\/www.jozanesz.hu\/index.php?rest_route=\/wp\/v2\/posts"}],"about":[{"href":"https:\/\/www.jozanesz.hu\/index.php?rest_route=\/wp\/v2\/types\/post"}],"author":[{"embeddable":true,"href":"https:\/\/www.jozanesz.hu\/index.php?rest_route=\/wp\/v2\/users\/7"}],"replies":[{"embeddable":true,"href":"https:\/\/www.jozanesz.hu\/index.php?rest_route=%2Fwp%2Fv2%2Fcomments&post=895"}],"version-history":[{"count":1,"href":"https:\/\/www.jozanesz.hu\/index.php?rest_route=\/wp\/v2\/posts\/895\/revisions"}],"predecessor-version":[{"id":896,"href":"https:\/\/www.jozanesz.hu\/index.php?rest_route=\/wp\/v2\/posts\/895\/revisions\/896"}],"wp:attachment":[{"href":"https:\/\/www.jozanesz.hu\/index.php?rest_route=%2Fwp%2Fv2%2Fmedia&parent=895"}],"wp:term":[{"taxonomy":"category","embeddable":true,"href":"https:\/\/www.jozanesz.hu\/index.php?rest_route=%2Fwp%2Fv2%2Fcategories&post=895"},{"taxonomy":"post_tag","embeddable":true,"href":"https:\/\/www.jozanesz.hu\/index.php?rest_route=%2Fwp%2Fv2%2Ftags&post=895"}],"curies":[{"name":"wp","href":"https:\/\/api.w.org\/{rel}","templated":true}]}}