{"id":948,"date":"2025-09-03T14:20:28","date_gmt":"2025-09-03T13:20:28","guid":{"rendered":"http:\/\/www.jozanesz.hu\/?p=948"},"modified":"2025-09-03T14:20:28","modified_gmt":"2025-09-03T13:20:28","slug":"utalvany","status":"publish","type":"post","link":"https:\/\/www.jozanesz.hu\/?p=948","title":{"rendered":"Utalv\u00e1ny"},"content":{"rendered":"\n<p>A nyugd\u00edjasok 30 ezer Ft \u00e9rt\u00e9k\u0171 utalv\u00e1nyt kapnak szeptemberben, hideg \u00e9lelmiszer v\u00e1s\u00e1rl\u00e1sra. Az utalv\u00e1ny egy lev\u00e9l t\u00e1rsas\u00e1g\u00e1ban \u00e9rkezik, melyb\u0151l megtudjuk, hogy a hatalom gondoskodik a nyugd\u00edjasokr\u00f3l. (Nem igaz.) Azt is megtudhatjuk, hogy a f\u0151gonosz: Br\u00fcsszel kez\u00e9t l\u00e1b\u00e1t t\u00f6ri, hogy a magyar nyugd\u00edjasok ne kapjanak 13. havi nyugd\u00edjat. (Nem igaz.) Azt m\u00e1r eddig is sz\u00e1mtalanszor hallottuk, hogy az \u00e9vente az infl\u00e1ci\u00f3hoz igaz\u00edtott nyugd\u00edj emel\u00e9ssel a korm\u00e1ny meg\u0151rzi a nyugd\u00edjak \u00e9rt\u00e9k\u00e9t. (Term\u00e9szetesen ez sem igaz.) Amit egy nyugd\u00edjas h\u00e9tr\u0151l h\u00e9tre vesz, az egy \u00e9v alatt 40-100 %-al lett dr\u00e1g\u00e1bb.<\/p>\n\n\n\n<p>Azt az\u00e9rt tudni kell err\u0151l a harmincezer Forintr\u00f3l, hogy az tulajdonk\u00e9ppen csak 21.900 Forint. Ugyanis ak\u00e1rmit vesznek a nyugd\u00edjasok, minden \u00e1rucikken 27% \u00c1ltal\u00e1nos Forgalmi Ad\u00f3 van. \u00cdgy 8.100 Forint\u00e9rt nem kapnak semmit, az megy vissza az \u00e1llamkassz\u00e1ba.<\/p>\n","protected":false},"excerpt":{"rendered":"<p>A nyugd\u00edjasok 30 ezer Ft \u00e9rt\u00e9k\u0171 utalv\u00e1nyt kapnak szeptemberben, hideg \u00e9lelmiszer v\u00e1s\u00e1rl\u00e1sra. Az utalv\u00e1ny egy lev\u00e9l t\u00e1rsas\u00e1g\u00e1ban \u00e9rkezik, melyb\u0151l megtudjuk, hogy a hatalom gondoskodik a nyugd\u00edjasokr\u00f3l. (Nem igaz.) Azt is megtudhatjuk, hogy a f\u0151gonosz: Br\u00fcsszel kez\u00e9t l\u00e1b\u00e1t t\u00f6ri, hogy a magyar nyugd\u00edjasok ne kapjanak 13. havi nyugd\u00edjat. (Nem igaz.) Azt m\u00e1r eddig is sz\u00e1mtalanszor hallottuk, [&hellip;]<\/p>\n","protected":false},"author":7,"featured_media":0,"comment_status":"closed","ping_status":"closed","sticky":false,"template":"","format":"standard","meta":{"footnotes":""},"categories":[1],"tags":[],"class_list":["post-948","post","type-post","status-publish","format-standard","hentry","category-nem-kategorizalt"],"_links":{"self":[{"href":"https:\/\/www.jozanesz.hu\/index.php?rest_route=\/wp\/v2\/posts\/948","targetHints":{"allow":["GET"]}}],"collection":[{"href":"https:\/\/www.jozanesz.hu\/index.php?rest_route=\/wp\/v2\/posts"}],"about":[{"href":"https:\/\/www.jozanesz.hu\/index.php?rest_route=\/wp\/v2\/types\/post"}],"author":[{"embeddable":true,"href":"https:\/\/www.jozanesz.hu\/index.php?rest_route=\/wp\/v2\/users\/7"}],"replies":[{"embeddable":true,"href":"https:\/\/www.jozanesz.hu\/index.php?rest_route=%2Fwp%2Fv2%2Fcomments&post=948"}],"version-history":[{"count":1,"href":"https:\/\/www.jozanesz.hu\/index.php?rest_route=\/wp\/v2\/posts\/948\/revisions"}],"predecessor-version":[{"id":949,"href":"https:\/\/www.jozanesz.hu\/index.php?rest_route=\/wp\/v2\/posts\/948\/revisions\/949"}],"wp:attachment":[{"href":"https:\/\/www.jozanesz.hu\/index.php?rest_route=%2Fwp%2Fv2%2Fmedia&parent=948"}],"wp:term":[{"taxonomy":"category","embeddable":true,"href":"https:\/\/www.jozanesz.hu\/index.php?rest_route=%2Fwp%2Fv2%2Fcategories&post=948"},{"taxonomy":"post_tag","embeddable":true,"href":"https:\/\/www.jozanesz.hu\/index.php?rest_route=%2Fwp%2Fv2%2Ftags&post=948"}],"curies":[{"name":"wp","href":"https:\/\/api.w.org\/{rel}","templated":true}]}}