{"id":954,"date":"2025-09-08T10:05:44","date_gmt":"2025-09-08T09:05:44","guid":{"rendered":"http:\/\/www.jozanesz.hu\/?p=954"},"modified":"2025-11-09T08:34:08","modified_gmt":"2025-11-09T07:34:08","slug":"a-nagy-atalakulas","status":"publish","type":"post","link":"https:\/\/www.jozanesz.hu\/?p=954","title":{"rendered":"A nagy \u00e1talakul\u00e1s"},"content":{"rendered":"\n<p>F\u00e1jdalmas n\u00e9zni az egykoron nagy rem\u00e9nyekkel kecsegtet\u0151 tehets\u00e9ges ember hatalom k\u00f6vetkezm\u00e9nyek\u00e9nt bek\u00f6vetkezett torzul\u00e1s\u00e1t.<\/p>\n\n\n\n<p>Minisztereln\u00f6k\u00fcnk egykor ki\u00e1llt minden mellett amit j\u00f3nak \u00e9s k\u00f6vetend\u0151nek gondolt az orsz\u00e1g. Szinte teljes egyet\u00e9rt\u00e9s volt abban, hogy szak\u00edtani kell az orosz fennhat\u00f3s\u00e1ggal \u00e9s nyugati t\u00edpus\u00fa demokr\u00e1ci\u00e1t, piacgazdas\u00e1got kell l\u00e9trehozni. Sok embernek jelentett kimondhatatlan \u00f6r\u00f6m\u00f6t, amikor Nagy Imre \u00fajra temet\u00e9s\u00e9n egy b\u00e1tor fiatalember ki\u00e1llt a p\u00f3diumra \u00e9s ezt ki is merte mondani. Egy ikon volt.<\/p>\n\n\n\n<p>M\u00e9g ma is egy ikon, csak m\u00e1ra ink\u00e1bb a becsapottak, a nem gondolkod\u00f3k \u00e9s a talpnyaloncok k\u00f6z\u00f6tt. Hazudik, megt\u00e9veszt, ravaszkodik, mindig a sz\u00e1ja sark\u00e1ban van az a ravasz mosoly. <\/p>\n\n\n\n<p>Mennyire szimpatikus volt, amikor ilyeneket mondott:<br>\u2022 &#8222;El\u00e9g volt abb\u00f3l, hogy mindent elvesznek, ami\u00e9rt az emberek megdolgoztak.&#8221;<br>\u2022 &#8222;A legfontosabb k\u00e9rd\u00e9s, hogy hogyan juthatott a magyar demokr\u00e1cia od\u00e1ig, hogy nem tudta mag\u00e1t megv\u00e9deni egy betegesen hazudoz\u00f3 minisztereln\u00f6k politikailag megszervezett, sok p\u00e9nzen kivitelezett csal\u00e1s\u00e1val szemben.&#8221;<br>\u2022 &#8222;Folyamatosan t\u00e1madt\u00e1k a civil szervezeteket. Az egyh\u00e1zat, akad\u00e9mi\u00e1t.&#8221;<br>\u2022 &#8222;A k\u00f6zszolg\u00e1lati telev\u00edzi\u00f3 \u00e1llapot\u00e1t ismerj\u00fck. A magyar demokr\u00e1ci\u00e1t \u0151rz\u0151-v\u00e9d\u0151 int\u00e9zm\u00e9nyeket \u00fagy legyeng\u00edtett\u00e9k, hogy nem tudt\u00e1k kiv\u00e9deni a szervezett \u00e9s ny\u00edlt politikai hazugs\u00e1got.&#8221;<br>\u2022 A demokr\u00e1ci\u00e1nak az a l\u00e9nyege, hogy mindig van szem\u00e9lyi \u00e9s mindig van politikai alternat\u00edva.&#8221;<\/p>\n\n\n\n<p>Megrend\u00edt\u0151, hogy mennyire aktu\u00e1lis mondatok ezek ma is. A r\u00e9gi Orb\u00e1n Viktor \u00e1d\u00e1z ellens\u00e9ge lenne a mai Orb\u00e1n Viktornak. Mostanra pontosan azz\u00e1 v\u00e1lt, akik ellen r\u00e9gen k\u00fczd\u00f6tt. M\u00e1r nem korm\u00e1nyoz, csak szerez. Azt is okosba. Semmilye nincs, a p\u00e9nz\u00e9t a L\u0151rinc \u0151rzi, aki a saj\u00e1t erej\u00e9b\u0151l lett milli\u00e1rdos, a birtoka az apja nev\u00e9n, \u00e9rdekelts\u00e9gek, ingatlanok, bizniszek tucatjai a csal\u00e1dtagok, bar\u00e1tok nev\u00e9n. Ahogy az el\u0151 van \u00edrva. Jogilag minden tiszta, mint a friss h\u00f3.<\/p>\n\n\n\n<p>Nagyon haragszik az Eur\u00f3pai Uni\u00f3ra. Mert nem engedik, hogy lebontsa a demokr\u00e1ci\u00e1t \u00e9s leny\u00falja a k\u00f6zvagyont. Ez\u00e9rt bar\u00e1tkozik nagyon az oroszokkal meg a k\u00ednaiakkal, azok nem fogj\u00e1k sz\u00f3v\u00e1 tenni, hogy ilyet nem szabad csin\u00e1lni. \u00c9s ha erre r\u00e1megy az eg\u00e9sz orsz\u00e1g? Akkor \u00edgy j\u00e1rtak. \u0150k v\u00e1lasztott\u00e1k meg h\u00e1romszor is, nem?<\/p>\n","protected":false},"excerpt":{"rendered":"<p>F\u00e1jdalmas n\u00e9zni az egykoron nagy rem\u00e9nyekkel kecsegtet\u0151 tehets\u00e9ges ember hatalom k\u00f6vetkezm\u00e9nyek\u00e9nt bek\u00f6vetkezett torzul\u00e1s\u00e1t. Minisztereln\u00f6k\u00fcnk egykor ki\u00e1llt minden mellett amit j\u00f3nak \u00e9s k\u00f6vetend\u0151nek gondolt az orsz\u00e1g. Szinte teljes egyet\u00e9rt\u00e9s volt abban, hogy szak\u00edtani kell az orosz fennhat\u00f3s\u00e1ggal \u00e9s nyugati t\u00edpus\u00fa demokr\u00e1ci\u00e1t, piacgazdas\u00e1got kell l\u00e9trehozni. Sok embernek jelentett kimondhatatlan \u00f6r\u00f6m\u00f6t, amikor Nagy Imre \u00fajra temet\u00e9s\u00e9n egy b\u00e1tor [&hellip;]<\/p>\n","protected":false},"author":7,"featured_media":0,"comment_status":"closed","ping_status":"closed","sticky":false,"template":"","format":"standard","meta":{"footnotes":""},"categories":[1],"tags":[],"class_list":["post-954","post","type-post","status-publish","format-standard","hentry","category-nem-kategorizalt"],"_links":{"self":[{"href":"https:\/\/www.jozanesz.hu\/index.php?rest_route=\/wp\/v2\/posts\/954","targetHints":{"allow":["GET"]}}],"collection":[{"href":"https:\/\/www.jozanesz.hu\/index.php?rest_route=\/wp\/v2\/posts"}],"about":[{"href":"https:\/\/www.jozanesz.hu\/index.php?rest_route=\/wp\/v2\/types\/post"}],"author":[{"embeddable":true,"href":"https:\/\/www.jozanesz.hu\/index.php?rest_route=\/wp\/v2\/users\/7"}],"replies":[{"embeddable":true,"href":"https:\/\/www.jozanesz.hu\/index.php?rest_route=%2Fwp%2Fv2%2Fcomments&post=954"}],"version-history":[{"count":4,"href":"https:\/\/www.jozanesz.hu\/index.php?rest_route=\/wp\/v2\/posts\/954\/revisions"}],"predecessor-version":[{"id":1047,"href":"https:\/\/www.jozanesz.hu\/index.php?rest_route=\/wp\/v2\/posts\/954\/revisions\/1047"}],"wp:attachment":[{"href":"https:\/\/www.jozanesz.hu\/index.php?rest_route=%2Fwp%2Fv2%2Fmedia&parent=954"}],"wp:term":[{"taxonomy":"category","embeddable":true,"href":"https:\/\/www.jozanesz.hu\/index.php?rest_route=%2Fwp%2Fv2%2Fcategories&post=954"},{"taxonomy":"post_tag","embeddable":true,"href":"https:\/\/www.jozanesz.hu\/index.php?rest_route=%2Fwp%2Fv2%2Ftags&post=954"}],"curies":[{"name":"wp","href":"https:\/\/api.w.org\/{rel}","templated":true}]}}