{"id":960,"date":"2025-09-21T11:57:03","date_gmt":"2025-09-21T10:57:03","guid":{"rendered":"http:\/\/www.jozanesz.hu\/?p=960"},"modified":"2025-09-21T11:57:03","modified_gmt":"2025-09-21T10:57:03","slug":"kenyelmetlen-eu","status":"publish","type":"post","link":"https:\/\/www.jozanesz.hu\/?p=960","title":{"rendered":"K\u00e9nyelmetlen EU"},"content":{"rendered":"\n<p>A Digit\u00e1lis Polg\u00e1ri K\u00f6r\u00f6k alakul\u00f3 rendezv\u00e9ny\u00e9n Orb\u00e1n Viktor m\u00e9g nem mondta ki, de f\u00e9lre\u00e9rthetetlen\u00fcl tudom\u00e1sunkra hozta, hogy Magyarorsz\u00e1gnak ki kell l\u00e9pni az EU-b\u00f3l. Most m\u00e9g csak usz\u00edt az EU ellen, hamis adatokkal \u00e9s a j\u00f3l bev\u00e1lt bev\u00e1ndorl\u00e1s, LMBTQ elleness\u00e9ggel \u00e9rvel.<br>Meg\u00e9rtem, hogy a minisztereln\u00f6knek egyre k\u00e9nyelmetlenebb az EU. Azzal, hogy Br\u00fcsszel sz\u00e1mon k\u00e9ri a demokr\u00e1cia lebont\u00e1s\u00e1t, a jog\u00e1llamis\u00e1g sz\u00e9td\u00fal\u00e1s\u00e1t, az EU ellens\u00e9geivel tartott szoros bar\u00e1ti \u00e9s gazdas\u00e1gi viszonyt, a csal\u00e1di \u00e9s bar\u00e1ti k\u00f6r\u00f6k m\u00e9rhetetlen meggazdagod\u00e1s\u00e1t, vesz\u00e9lyezteti mindazt, amit Orb\u00e1n az elm\u00falt 35 \u00e9vben fel\u00e9p\u00edtett. Ez\u00e9rt kell neki az Orosz, a K\u00ednai meg az \u00c9szak-Koreai bar\u00e1ts\u00e1g. \u0150k nem sz\u00f3lnak semmi\u00e9rt, t\u0151l\u00fck azt\u00e1n a korm\u00e1nyf\u0151 azt csin\u00e1l amit akar. Ha eljutunk od\u00e1ig, hogy m\u00e1r n\u00e1lunk is kezdenek majd kiesni az ellenz\u00e9ki vezet\u0151k az ablakon, az\u00e9rt se sz\u00f3lna senki. A vagyonok eredet\u00e9r\u0151l sem kellene sz\u00e1mot adni.<br>Nos, ez\u00e9rt kellene nek\u00fcnk gyorsan kil\u00e9pni az Eur\u00f3pai Uni\u00f3b\u00f3l.<br>Ne hagyjuk!!<\/p>\n","protected":false},"excerpt":{"rendered":"<p>A Digit\u00e1lis Polg\u00e1ri K\u00f6r\u00f6k alakul\u00f3 rendezv\u00e9ny\u00e9n Orb\u00e1n Viktor m\u00e9g nem mondta ki, de f\u00e9lre\u00e9rthetetlen\u00fcl tudom\u00e1sunkra hozta, hogy Magyarorsz\u00e1gnak ki kell l\u00e9pni az EU-b\u00f3l. Most m\u00e9g csak usz\u00edt az EU ellen, hamis adatokkal \u00e9s a j\u00f3l bev\u00e1lt bev\u00e1ndorl\u00e1s, LMBTQ elleness\u00e9ggel \u00e9rvel.Meg\u00e9rtem, hogy a minisztereln\u00f6knek egyre k\u00e9nyelmetlenebb az EU. Azzal, hogy Br\u00fcsszel sz\u00e1mon k\u00e9ri a demokr\u00e1cia lebont\u00e1s\u00e1t, [&hellip;]<\/p>\n","protected":false},"author":7,"featured_media":0,"comment_status":"closed","ping_status":"closed","sticky":false,"template":"","format":"standard","meta":{"footnotes":""},"categories":[1],"tags":[],"class_list":["post-960","post","type-post","status-publish","format-standard","hentry","category-nem-kategorizalt"],"_links":{"self":[{"href":"https:\/\/www.jozanesz.hu\/index.php?rest_route=\/wp\/v2\/posts\/960","targetHints":{"allow":["GET"]}}],"collection":[{"href":"https:\/\/www.jozanesz.hu\/index.php?rest_route=\/wp\/v2\/posts"}],"about":[{"href":"https:\/\/www.jozanesz.hu\/index.php?rest_route=\/wp\/v2\/types\/post"}],"author":[{"embeddable":true,"href":"https:\/\/www.jozanesz.hu\/index.php?rest_route=\/wp\/v2\/users\/7"}],"replies":[{"embeddable":true,"href":"https:\/\/www.jozanesz.hu\/index.php?rest_route=%2Fwp%2Fv2%2Fcomments&post=960"}],"version-history":[{"count":1,"href":"https:\/\/www.jozanesz.hu\/index.php?rest_route=\/wp\/v2\/posts\/960\/revisions"}],"predecessor-version":[{"id":961,"href":"https:\/\/www.jozanesz.hu\/index.php?rest_route=\/wp\/v2\/posts\/960\/revisions\/961"}],"wp:attachment":[{"href":"https:\/\/www.jozanesz.hu\/index.php?rest_route=%2Fwp%2Fv2%2Fmedia&parent=960"}],"wp:term":[{"taxonomy":"category","embeddable":true,"href":"https:\/\/www.jozanesz.hu\/index.php?rest_route=%2Fwp%2Fv2%2Fcategories&post=960"},{"taxonomy":"post_tag","embeddable":true,"href":"https:\/\/www.jozanesz.hu\/index.php?rest_route=%2Fwp%2Fv2%2Ftags&post=960"}],"curies":[{"name":"wp","href":"https:\/\/api.w.org\/{rel}","templated":true}]}}