{"id":966,"date":"2025-09-30T11:50:53","date_gmt":"2025-09-30T10:50:53","guid":{"rendered":"http:\/\/www.jozanesz.hu\/?p=966"},"modified":"2025-10-03T07:31:31","modified_gmt":"2025-10-03T06:31:31","slug":"verbalis-hamisitasok","status":"publish","type":"post","link":"https:\/\/www.jozanesz.hu\/?p=966","title":{"rendered":"Verb\u00e1lis hamis\u00edt\u00e1sok"},"content":{"rendered":"\n<p>\u2022 Az Index pert nyert a Tisza P\u00e1rt ellen. A per az\u00e9rt indult, mert az Index egy fejl\u00e9c \u00e9s al\u00e1\u00edr\u00e1s n\u00e9lk\u00fcli cetli alapj\u00e1n meg\u00edrta, hogy a Tisza P\u00e1rt \u00e1tveri az embereket, mert korm\u00e1nyra ker\u00fcl\u00e9se eset\u00e9n brut\u00e1lis ad\u00f3emel\u00e9st tervez.<\/p>\n\n\n\n<p>A b\u00edr\u00f3s\u00e1g szerint az Index csak a v\u00e9lem\u00e9ny\u00e9t mondta el err\u0151l, nem pedig t\u00e9nyt \u00e1ll\u00edtott. Erre a minisztereln\u00f6k \u00edgy reag\u00e1lt: most m\u00e1r a b\u00edr\u00f3s\u00e1g szerint is \u00e1tver a Tisza. A b\u00edr\u00f3s\u00e1g term\u00e9szetesen semmi ilyet nem mondott.<\/p>\n\n\n\n<p>\u2022 &#8222;Vannak dolgok, amikr\u0151l most nem szabad besz\u00e9lni. V\u00e1laszt\u00e1st kell nyerni, ut\u00e1na mindent lehet\u201d \u2013 mondta Tarr Zolt\u00e1n a Tisza P\u00e1rt aleln\u00f6ke a t\u00f6bbkulcsos ad\u00f3r\u00f3l. Ezt a korm\u00e1ny \u00fagy adta tov\u00e1bb a nyilv\u00e1noss\u00e1g fel\u00e9, hogy Tarr beismerte, hogy hazudni kell az t\u00f6bbkulcsos ad\u00f3r\u00f3l. A nem besz\u00e9l\u00fcnk r\u00f3la meg a hazudunk r\u00f3la nem azonos jelent\u00e9ssel b\u00edr\u00f3 tartalmak.<\/p>\n\n\n\n<p>\u2022 A Sz\u0151l\u0151 utcai jav\u00edt\u00f3int\u00e9zet igazgat\u00f3j\u00e1nak letart\u00f3ztat\u00e1sa kapcs\u00e1n a minisztereln\u00f6k \u00fagy nyilatkozott, hogy az igazgat\u00f3 n\u0151ket futtatott, de ehhez az int\u00e9zm\u00e9nynek semmi k\u00f6ze. \u00c9s, hogy ez nem gyermekotthon, hanem egy b\u00f6rt\u00f6n. El\u0151sz\u00f6r is nem b\u00f6rt\u00f6n, hanem jav\u00edt\u00f3-nevel\u0151 int\u00e9zet. M\u00e1sodszor nagyon is van k\u00f6ze a gyermekv\u00e9delemhez. Az igazgat\u00f3 t\u00f6bb int\u00e9zm\u00e9nyt is vezetett, a gyan\u00fa (\u00e9s a tanuk) szerint t\u00f6bb esetben kiskor\u00faakat vitt ki \u00e9jszak\u00e1ra az int\u00e9zetb\u0151l arra hivatkozva, hogy ezek ter\u00e1pi\u00e1s besz\u00e9lget\u00e9sek (!), \u00e9jjel jobban megny\u00edlnak a gyerekek. Az igazgat\u00f3 jelenlegi \u00e9lett\u00e1rsa is egy akkor m\u00e9g csak 16 \u00e9ves, az igazgat\u00f3ra r\u00e1b\u00edzott l\u00e1ny. Emiatt a kapcsolat miatt r\u00fagt\u00e1k ki az el\u0151z\u0151 munkahely\u00e9r\u0151l. <\/p>\n\n\n\n<p>\u2022 Orb\u00e1n nyilatkozata a Harcosok \u00f3r\u00e1j\u00e1ban: Egyr\u00e9szt komolyan kell venni, mert volt m\u00e1r olyan, hogy ilyen f\u00e9ln\u00f3t\u00e1sokat r\u00e1z\u00fad\u00edtottak az orsz\u00e1gra, \u00e9s abb\u00f3l baj lett. M\u00e1sfel\u0151l nem szabad s\u00falyt sem adni annak, amit csin\u00e1lnak. Vesz\u00e9lyesek, de az\u00e9rt f\u00e9ln\u00f3t\u00e1sok. Mindenkit eml\u00e9keztetn\u00e9k arra, hogy ez nem \u00faj jelens\u00e9g a magyar politik\u00e1ban. K\u00e1rolyi Mih\u00e1ly, aki szint\u00e9n egy f\u00e9ln\u00f3t\u00e1s volt, \u00e9s t\u00f6nkretette az orsz\u00e1got, azt a franci\u00e1k k\u00fcldt\u00e9k r\u00e1nk. A Sz\u00e1lasit a n\u00e9metek juttatt\u00e1k hatalomra. A R\u00e1kosit, aki szint\u00e9n bolond volt, azt meg az oroszok, illetve a szovjetek. Magyar P\u00e9tert meg a br\u00fcsszeliek akarj\u00e1k. Ez ugyanaz a t\u00f6rt\u00e9net. <br>\u00c9s a Fideszesek vannak felh\u00e1borodva azon, hogy miket \u00e1ll\u00edt r\u00f3luk az ellenz\u00e9k.<\/p>\n\n\n\n<p>\u2022 \u201ePontos elsz\u00e1mol\u00e1s, hossz\u00fa bar\u00e1ts\u00e1g\u201d \u2013 mondta Orb\u00e1n, majd azzal folytatta, hogy azt \u00edg\u00e9rt\u00e9k, \u201ea nyugd\u00edjak nem vesz\u00edthetnek az \u00e9rt\u00e9k\u00fckb\u0151l\u201d.\u201eEzt a v\u00e1llal\u00e1sunkat minden \u00e9vben teljes\u00edtett\u00fck, id\u00e9n is \u00edgy lesz ez.&#8221;<br>Ez konkr\u00e9tan nem igaz. Ha azt mondta volna, hogy minden \u00e9vben a korm\u00e1nyszervek \u00e1ltal meg\u00e1llap\u00edtott infl\u00e1ci\u00f3 m\u00e9rt\u00e9k\u00e9vel emelik a nyugd\u00edjakat, akkor az korrekt lett volna. De hogy a nyugd\u00edjak az elm\u00falt \u00e9vekben meg\u0151rizt\u00e9k \u00e9rt\u00e9k\u00fcket, az l\u00e1t\u00f3t\u00e1vols\u00e1gra sincsen a val\u00f3s\u00e1gt\u00f3l. Lehet, hogy a darus bont\u00f3goly\u00f3 vagy a folyami usz\u00e1ly nem lett sokkal dr\u00e1g\u00e1bb, de azoknak a term\u00e9keknek az \u00e1ra, amiket a nyugd\u00edjasok rendszeresen v\u00e1s\u00e1rolnak, mert elengedhetetlen a meg\u00e9lhet\u00e9s\u00fckh\u00f6z, az elm\u00falt 4 \u00e9vben \u00edgy alakult:<\/p>\n\n\n\n<p>                                              <strong>2021                     2025                \u00c1remelked\u00e9s %-ban<\/strong> <br>Feh\u00e9rkeny\u00e9r                      374 Ft                  904 Ft                          141%<br>Zsemle                                  30 Ft                     68 Ft                          126%<br>Csirkemellfil\u00e9                 1360 Ft                 2310 Ft                           169%<br>Csirkesz\u00e1rny                     639 Ft                  1120 Ft                             75%<br>Csirkecomb                       653 Ft                  1200 Ft                            83%<br>Krist\u00e1lycukor                    254 Ft                   386 Ft                            51%<br>Burgonya                           200 Ft                   402 Ft                          101%<br>Finomliszt                          181 Ft                   272 Ft                            50%<br>Trapista sajt                     1940 Ft                3440 Ft                            77%<\/p>\n\n\n\n<p>Ez \u00e1tlagosan 97%-os emelked\u00e9s. Mik\u00f6zben a nyugd\u00edjak 4 \u00e9v alatt 40%-ot emelkedtek. Teh\u00e1t most m\u00e9g 42%-al kellene emelni a nyugd\u00edjakat, hogy \u00e9rt\u00e9k meg\u0151rz\u00e9sr\u0151l besz\u00e9lhess\u00fcnk.<br>Se pontos elsz\u00e1mol\u00e1s, se hossz\u00fa bar\u00e1ts\u00e1g.<\/p>\n","protected":false},"excerpt":{"rendered":"<p>\u2022 Az Index pert nyert a Tisza P\u00e1rt ellen. A per az\u00e9rt indult, mert az Index egy fejl\u00e9c \u00e9s al\u00e1\u00edr\u00e1s n\u00e9lk\u00fcli cetli alapj\u00e1n meg\u00edrta, hogy a Tisza P\u00e1rt \u00e1tveri az embereket, mert korm\u00e1nyra ker\u00fcl\u00e9se eset\u00e9n brut\u00e1lis ad\u00f3emel\u00e9st tervez. A b\u00edr\u00f3s\u00e1g szerint az Index csak a v\u00e9lem\u00e9ny\u00e9t mondta el err\u0151l, nem pedig t\u00e9nyt \u00e1ll\u00edtott. Erre a [&hellip;]<\/p>\n","protected":false},"author":7,"featured_media":0,"comment_status":"closed","ping_status":"closed","sticky":false,"template":"","format":"standard","meta":{"footnotes":""},"categories":[1],"tags":[],"class_list":["post-966","post","type-post","status-publish","format-standard","hentry","category-nem-kategorizalt"],"_links":{"self":[{"href":"https:\/\/www.jozanesz.hu\/index.php?rest_route=\/wp\/v2\/posts\/966","targetHints":{"allow":["GET"]}}],"collection":[{"href":"https:\/\/www.jozanesz.hu\/index.php?rest_route=\/wp\/v2\/posts"}],"about":[{"href":"https:\/\/www.jozanesz.hu\/index.php?rest_route=\/wp\/v2\/types\/post"}],"author":[{"embeddable":true,"href":"https:\/\/www.jozanesz.hu\/index.php?rest_route=\/wp\/v2\/users\/7"}],"replies":[{"embeddable":true,"href":"https:\/\/www.jozanesz.hu\/index.php?rest_route=%2Fwp%2Fv2%2Fcomments&post=966"}],"version-history":[{"count":4,"href":"https:\/\/www.jozanesz.hu\/index.php?rest_route=\/wp\/v2\/posts\/966\/revisions"}],"predecessor-version":[{"id":976,"href":"https:\/\/www.jozanesz.hu\/index.php?rest_route=\/wp\/v2\/posts\/966\/revisions\/976"}],"wp:attachment":[{"href":"https:\/\/www.jozanesz.hu\/index.php?rest_route=%2Fwp%2Fv2%2Fmedia&parent=966"}],"wp:term":[{"taxonomy":"category","embeddable":true,"href":"https:\/\/www.jozanesz.hu\/index.php?rest_route=%2Fwp%2Fv2%2Fcategories&post=966"},{"taxonomy":"post_tag","embeddable":true,"href":"https:\/\/www.jozanesz.hu\/index.php?rest_route=%2Fwp%2Fv2%2Ftags&post=966"}],"curies":[{"name":"wp","href":"https:\/\/api.w.org\/{rel}","templated":true}]}}