{"id":977,"date":"2025-10-03T13:30:35","date_gmt":"2025-10-03T12:30:35","guid":{"rendered":"http:\/\/www.jozanesz.hu\/?p=977"},"modified":"2025-10-03T13:44:55","modified_gmt":"2025-10-03T12:44:55","slug":"mi-kozunk-ukrajnahoz","status":"publish","type":"post","link":"https:\/\/www.jozanesz.hu\/?p=977","title":{"rendered":"Mi k\u00f6z\u00fcnk Ukrajn\u00e1hoz?"},"content":{"rendered":"\n<p>A magyar minisztereln\u00f6k, az orosz propagandag\u00e9pezet \u00e9s m\u00e9g sok-sok m\u00e9dium foglal \u00e1ll\u00e1st arr\u00f3l, hogy mi k\u00f6ze Eur\u00f3p\u00e1nak az ukr\u00e1nok h\u00e1bor\u00faj\u00e1hoz. Nem a mi \u00fcgy\u00fcnk.<\/p>\n\n\n\n<p>T\u00e9nyleg? Teh\u00e1t ha az oroszok sikeresen elfoglalj\u00e1k Ukrajn\u00e1t, \u00e9s l\u00e1tj\u00e1k, hogy ezt a vil\u00e1g sz\u00f3 n\u00e9lk\u00fcl tudom\u00e1sul veszi, akkor majd elfoglalj\u00e1k a Balti \u00e1llamokat, Kazahszt\u00e1nt, Azerbajdzs\u00e1nt, az \u00f6sszes r\u00e9gi szovjet tag\u00e1llamot \u00e9s \u00fajra megalak\u00edtja a Szovjetuni\u00f3t. Hi\u00e1ba mondja Putyin, hogy nem sz\u00e1nd\u00e9koznak megt\u00e1madni m\u00e1s orsz\u00e1gokat, a realit\u00e1s az, hogy ha m\u00f3dja lesz r\u00e1, meg fogja tenni.<\/p>\n\n\n\n<p>A Nyugatnak teh\u00e1t t\u00e9tlen\u00fcl kellene n\u00e9znie, hogy az oroszok felr\u00fagnak minden l\u00e9tez\u0151 nemzetk\u00f6zi jogot \u00e9s egyezm\u00e9nyt, \u00e9s \u00f6lbetett k\u00e9zzel kell v\u00e1rniuk, hogy \u00fajra megsz\u00fclessen egy \u00f3ri\u00e1si, agressz\u00edv hatalom, amely vesz\u00e9lyes az eg\u00e9sz nyugati vil\u00e1gra.<\/p>\n\n\n\n<p>Ez nem a mi \u00fcgy\u00fcnk? Ezt senki nem gondolhatja komolyan.<br><\/p>\n","protected":false},"excerpt":{"rendered":"<p>A magyar minisztereln\u00f6k, az orosz propagandag\u00e9pezet \u00e9s m\u00e9g sok-sok m\u00e9dium foglal \u00e1ll\u00e1st arr\u00f3l, hogy mi k\u00f6ze Eur\u00f3p\u00e1nak az ukr\u00e1nok h\u00e1bor\u00faj\u00e1hoz. Nem a mi \u00fcgy\u00fcnk. T\u00e9nyleg? Teh\u00e1t ha az oroszok sikeresen elfoglalj\u00e1k Ukrajn\u00e1t, \u00e9s l\u00e1tj\u00e1k, hogy ezt a vil\u00e1g sz\u00f3 n\u00e9lk\u00fcl tudom\u00e1sul veszi, akkor majd elfoglalj\u00e1k a Balti \u00e1llamokat, Kazahszt\u00e1nt, Azerbajdzs\u00e1nt, az \u00f6sszes r\u00e9gi szovjet tag\u00e1llamot [&hellip;]<\/p>\n","protected":false},"author":7,"featured_media":0,"comment_status":"closed","ping_status":"closed","sticky":false,"template":"","format":"standard","meta":{"footnotes":""},"categories":[1],"tags":[],"class_list":["post-977","post","type-post","status-publish","format-standard","hentry","category-nem-kategorizalt"],"_links":{"self":[{"href":"https:\/\/www.jozanesz.hu\/index.php?rest_route=\/wp\/v2\/posts\/977","targetHints":{"allow":["GET"]}}],"collection":[{"href":"https:\/\/www.jozanesz.hu\/index.php?rest_route=\/wp\/v2\/posts"}],"about":[{"href":"https:\/\/www.jozanesz.hu\/index.php?rest_route=\/wp\/v2\/types\/post"}],"author":[{"embeddable":true,"href":"https:\/\/www.jozanesz.hu\/index.php?rest_route=\/wp\/v2\/users\/7"}],"replies":[{"embeddable":true,"href":"https:\/\/www.jozanesz.hu\/index.php?rest_route=%2Fwp%2Fv2%2Fcomments&post=977"}],"version-history":[{"count":3,"href":"https:\/\/www.jozanesz.hu\/index.php?rest_route=\/wp\/v2\/posts\/977\/revisions"}],"predecessor-version":[{"id":980,"href":"https:\/\/www.jozanesz.hu\/index.php?rest_route=\/wp\/v2\/posts\/977\/revisions\/980"}],"wp:attachment":[{"href":"https:\/\/www.jozanesz.hu\/index.php?rest_route=%2Fwp%2Fv2%2Fmedia&parent=977"}],"wp:term":[{"taxonomy":"category","embeddable":true,"href":"https:\/\/www.jozanesz.hu\/index.php?rest_route=%2Fwp%2Fv2%2Fcategories&post=977"},{"taxonomy":"post_tag","embeddable":true,"href":"https:\/\/www.jozanesz.hu\/index.php?rest_route=%2Fwp%2Fv2%2Ftags&post=977"}],"curies":[{"name":"wp","href":"https:\/\/api.w.org\/{rel}","templated":true}]}}