{"id":990,"date":"2025-10-31T11:01:08","date_gmt":"2025-10-31T10:01:08","guid":{"rendered":"http:\/\/www.jozanesz.hu\/?p=990"},"modified":"2025-12-11T10:02:09","modified_gmt":"2025-12-11T09:02:09","slug":"ne-azt-figyeljek-amit-mondok-hanem-azt-amit-csinalok","status":"publish","type":"post","link":"https:\/\/www.jozanesz.hu\/?p=990","title":{"rendered":"Ne azt figyelj\u00e9k, amit mondok! Hanem azt, amit csin\u00e1lok."},"content":{"rendered":"\n<p>Ez egy nagyon hasznos korm\u00e1nyf\u0151i tan\u00e1cs.<br>Figyelj\u00fck azt.<\/p>\n\n\n\n<p>\u2022 &#8222;Eld\u00f6nt\u00f6tt\u00fck, lesz 14. havi nyugd\u00edj!&#8221; nyilatkozta Orb\u00e1n Viktor. Amikor ezt zengi az \u00f6sszes korm\u00e1nym\u00e9dium, akkor B\u00f6zsi n\u00e9ni kend\u0151je h\u00e1tra cs\u00faszik a konty al\u00e1 \u00f6r\u00f6m\u00e9ben. De korai az \u00f6r\u00f6m, mert a t\u00e1j\u00e9koztat\u00f3kb\u00f3l kider\u00fcl, hogy szakaszos bevezet\u00e9sre kell sz\u00e1m\u00edtani, vagyis piszok j\u00f3l hangzik, hogy a Fidesz bevezeti a 14. havi nyugd\u00edjat, de val\u00f3j\u00e1ban csak az egynegyed r\u00e9sz\u00e9t fizetik ki 2026-ban.<\/p>\n\n\n\n<p>\u2022 &#8222;A k\u00f6zszerepl\u0151k bes\u00e1roz\u00e1sa komcsi temp\u00f3&#8221; \u00e1llap\u00edtotta meg a minisztereln\u00f6k. A komcsiz\u00e1s az\u00e9rt is furcsa az \u0151 sz\u00e1j\u00e1b\u00f3l, mert apja is MSZMP titk\u00e1r volt \u00e9s \u0151 maga is a Kommunista Ifj\u00fas\u00e1gi Szervezet titk\u00e1ra. <br>A nyilatkozat tartalm\u00e1r\u00f3l pedig annyit, hogy senki nem pr\u00f3b\u00e1lt meg t\u00f6bb karaktergyilkoss\u00e1got elk\u00f6vetni, mint a Fidesz. N\u0151ver\u0151nek ki\u00e1ltott\u00e1k ki Juh\u00e1sz P\u00e9tert \u00e9s Magyar P\u00e9tert, falu bolondj\u00e1nak titul\u00e1lj\u00e1k Hadh\u00e1zy \u00c1kost, csecsem\u0151 gyilkosnak \u00e1ll\u00edtott\u00e1k be M\u00e1rki-Zay P\u00e9ter feles\u00e9g\u00e9t, pedofili\u00e1val v\u00e1dolt\u00e1k J\u00e1mbor Andr\u00e1st, \u00e9s term\u00e9szetesen mindenki h\u00e1bor\u00fa p\u00e1rti, aki nem r\u00e1juk szavaz.<\/p>\n\n\n\n<p>\u2022 Er\u0151s h\u00e1tt\u00e9rt\u00e1r\u00fa sz\u00e1m\u00edt\u00f3g\u00e9p kell ahhoz, hogy kisz\u00e1moljuk, h\u00e1nyszor mondta ki az elm\u00falt h\u00e1rom \u00e9vben a magyar minisztereln\u00f6k azt a sz\u00f3t, hogy b\u00e9ke. \u00dagy v\u00e1gyik a b\u00e9k\u00e9re, mint anno a sz\u00e9ps\u00e9gversenyek gy\u0151ztesei. Igaz, az \u0151 \u00e9rtelmez\u00e9s\u00e9ben a b\u00e9ke azt jelenti, hogy a megt\u00e1madott kapitul\u00e1ljon \u00e9s adjon meg mindent az agresszornak, amit az \u00f3hajt. Csak a javadat akarom, de azt mindet. \u00c9s a hatalmas b\u00e9kev\u00e1gy mellett k\u00e9t dologra haszn\u00e1lja a h\u00e1bor\u00fat. Egyr\u00e9szt minden baj forr\u00e1s\u00e1nak jel\u00f6li. Nem a korm\u00e1ny v\u00e9gzi rosszul a munk\u00e1j\u00e1t, hanem az\u00e9rt teljes\u00edt rosszul a gazdas\u00e1g, az\u00e9rt magas az infl\u00e1ci\u00f3, mert h\u00e1bor\u00fa van. M\u00e1sr\u00e9szt hat\u00e1sosan tudja ijesztgeti vele a saj\u00e1t n\u00e9p\u00e9t. Megpr\u00f3b\u00e1lja elhitetni, hogy az ellenz\u00e9k meg Br\u00fcsszel arr\u00f3l \u00e1lmodoznak, hogy milyen j\u00f3 lenne minden reggel hal\u00e1lf\u00e9lelemben, egy j\u00e9ghideg, s\u00e1ros l\u00f6v\u00e9sz\u00e1rokban, patk\u00e1nyok k\u00f6z\u00f6tt \u00e9bredni.<\/p>\n\n\n\n<p>\u2022 Ahogyan saj\u00e1t bevall\u00e1sa szerint Orb\u00e1n Viktor a legkevesebb vagyonnal rendelkezik  a korm\u00e1nyban, \u00fagy \u00e9desapja sem indul \u00e1llami k\u00f6zbeszerz\u00e9seken. Csak alv\u00e1llalkoz\u00f3k\u00e9nt sz\u00e1ll\u00edt irdatlan mennyis\u00e9g\u0171 (a rossz nyelvek szerint t\u00fal\u00e1razott) k\u00f6vet \u00e1llami \u00e9p\u00edtkez\u00e9sekhez. Hatvanpuszta pedig \u2013 mindenki tudja, \u2013 az \u00e9lete munk\u00e1ja, \u00e9s egy f\u00e9lk\u00e9sz gazdas\u00e1g.<\/p>\n\n\n\n<p>\u2022 M\u00e9g 2023-ban az egyik parlamenti felsz\u00f3lal\u00e1s\u00e1ban a minisztereln\u00f6k kifejtette, hogy egy akkumul\u00e1tor gy\u00e1r v\u00edzsz\u00fcks\u00e9glet\u00e9nek meg\u00e1llap\u00edt\u00e1sa egy nagyon egyszer\u0171 matematikai k\u00e9rd\u00e9s. A Duna&nbsp;v\u00edzhozama \u00f6t m\u00e1sodperc alatt hoz annyit, mint egy akkugy\u00e1r \u00e9ves sz\u00fcks\u00e9glete. T\u00e9nyleg \u00e9rdemes r\u00e1 figyelni, annyira nem igaz. Az \u00f6t m\u00e1sodperces v\u00edzhozam (kb. 11 ezer k\u00f6bm\u00e9ter) ink\u00e1bb m\u00e1sf\u00e9l napra elegend\u0151 egy akkumul\u00e1tor gy\u00e1r sz\u00e1m\u00e1ra (kb. 8 ezer k\u00f6bm\u00e9ter). \u00c9s az \u00faj akkugy\u00e1rak nem is a Duna ment\u00e9n \u00e9p\u00fclnek. Teh\u00e1t ebb\u0151l az \u00e9rvel\u00e9sb\u0151l annyi igaz, hogy egyszer\u0171 matematika. (Azt mondjuk nem kellett volna hozz\u00e1 tennie, hogy &#8222;ne nevettess\u00e9k ki magukat!&#8221;)<\/p>\n","protected":false},"excerpt":{"rendered":"<p>Ez egy nagyon hasznos korm\u00e1nyf\u0151i tan\u00e1cs.Figyelj\u00fck azt. \u2022 &#8222;Eld\u00f6nt\u00f6tt\u00fck, lesz 14. havi nyugd\u00edj!&#8221; nyilatkozta Orb\u00e1n Viktor. Amikor ezt zengi az \u00f6sszes korm\u00e1nym\u00e9dium, akkor B\u00f6zsi n\u00e9ni kend\u0151je h\u00e1tra cs\u00faszik a konty al\u00e1 \u00f6r\u00f6m\u00e9ben. De korai az \u00f6r\u00f6m, mert a t\u00e1j\u00e9koztat\u00f3kb\u00f3l kider\u00fcl, hogy szakaszos bevezet\u00e9sre kell sz\u00e1m\u00edtani, vagyis piszok j\u00f3l hangzik, hogy a Fidesz bevezeti a 14. [&hellip;]<\/p>\n","protected":false},"author":7,"featured_media":0,"comment_status":"closed","ping_status":"closed","sticky":false,"template":"","format":"standard","meta":{"footnotes":""},"categories":[1],"tags":[],"class_list":["post-990","post","type-post","status-publish","format-standard","hentry","category-nem-kategorizalt"],"_links":{"self":[{"href":"https:\/\/www.jozanesz.hu\/index.php?rest_route=\/wp\/v2\/posts\/990","targetHints":{"allow":["GET"]}}],"collection":[{"href":"https:\/\/www.jozanesz.hu\/index.php?rest_route=\/wp\/v2\/posts"}],"about":[{"href":"https:\/\/www.jozanesz.hu\/index.php?rest_route=\/wp\/v2\/types\/post"}],"author":[{"embeddable":true,"href":"https:\/\/www.jozanesz.hu\/index.php?rest_route=\/wp\/v2\/users\/7"}],"replies":[{"embeddable":true,"href":"https:\/\/www.jozanesz.hu\/index.php?rest_route=%2Fwp%2Fv2%2Fcomments&post=990"}],"version-history":[{"count":13,"href":"https:\/\/www.jozanesz.hu\/index.php?rest_route=\/wp\/v2\/posts\/990\/revisions"}],"predecessor-version":[{"id":1124,"href":"https:\/\/www.jozanesz.hu\/index.php?rest_route=\/wp\/v2\/posts\/990\/revisions\/1124"}],"wp:attachment":[{"href":"https:\/\/www.jozanesz.hu\/index.php?rest_route=%2Fwp%2Fv2%2Fmedia&parent=990"}],"wp:term":[{"taxonomy":"category","embeddable":true,"href":"https:\/\/www.jozanesz.hu\/index.php?rest_route=%2Fwp%2Fv2%2Fcategories&post=990"},{"taxonomy":"post_tag","embeddable":true,"href":"https:\/\/www.jozanesz.hu\/index.php?rest_route=%2Fwp%2Fv2%2Ftags&post=990"}],"curies":[{"name":"wp","href":"https:\/\/api.w.org\/{rel}","templated":true}]}}